{"id":93,"date":"2021-12-01T16:23:00","date_gmt":"2021-12-01T16:23:00","guid":{"rendered":"https:\/\/www.nestor-jeeves.com\/blog\/?p=93"},"modified":"2022-03-23T10:18:32","modified_gmt":"2022-03-23T10:18:32","slug":"le-village-de-noel-fait-briller-nice-de-mille-feux","status":"publish","type":"post","link":"https:\/\/www.nestor-jeeves.com\/blog\/fr\/le-village-de-noel-fait-briller-nice-de-mille-feux\/","title":{"rendered":"<strong>Le village de No\u00ebl fait briller Nice<\/strong>"},"content":{"rendered":"\n<p><a href=\"https:\/\/xn--marchs-de-nol-fhb1b.com\/france\/nice\/\"><font style=\"vertical-align: inherit;\"><font style=\"vertical-align: inherit;\">Le March\u00e9 de No\u00ebl de Nice<\/font><\/font><\/a><font style=\"vertical-align: inherit;\"><font style=\"vertical-align: inherit;\"> fait son grand retour ! Apr\u00e8s plusieurs annulations suite au Covid-19, les ni\u00e7ois et touristes se r\u00e9jouissent de cette nouvelle. Pour cette nouvelle \u00e9dition, la ville de Nice a mis la barre haute en nous pr\u00e9sentant un tout nouveau village de No\u00ebl. Cette ann\u00e9e, il se passera au <strong>Jardin Albert Premier<\/strong>, proche de la Place Mass\u00e9na \u00e0 Nice.<\/font><\/font><\/p>\n\n\n\n<figure class=\"wp-block-image size-large is-resized\"><img loading=\"lazy\" decoding=\"async\" src=\"https:\/\/www.nestor-jeeves.com\/blog\/wp-content\/uploads\/2021\/12\/banniere-photo-blog-NJ-6-1500x630.jpg\" alt=\"La grande roue dans le village de No\u00ebl\" class=\"wp-image-111\" width=\"771\" height=\"323\"\/><figcaption>La grande roue dans le village de No\u00ebl<\/figcaption><\/figure>\n\n\n\n<h2 class=\"has-text-align-center wp-block-heading\">DECOUVREZ LE VILLAGE DE NOEL<\/h2>\n\n\n\n<p><font style=\"vertical-align: inherit;\"><font style=\"vertical-align: inherit;\">Au programme : <strong>sculptures lumineuses<\/strong>, espace d\u00e9gustation avec vin chaud, charcuteries, tartiflettes<\/font><\/font>.<font style=\"vertical-align: inherit;\"><font style=\"vertical-align: inherit;\"> Et pour les plus gourmands gaufres, cr\u00eapes et churros\u2026 Plus de<strong> 60 stands d&rsquo;artisans<\/strong> vous proposent des id\u00e9es cadeaux, plusieurs attractions pour enfants. Sans oublier notre m\u00e9morable <strong>grande roue <\/strong>et son point de vue f\u00e9\u00e9rique sur la ville de Nice.<\/font><\/font><\/p>\n\n\n\n<p><font style=\"vertical-align: inherit;\"><font style=\"vertical-align: inherit;\">Pour ce qui est des animations pour enfants et musicales, le p\u00e8re No\u00ebl et ses lutins ont d\u00e9m\u00e9nag\u00e9 leur atelier pour venir s&rsquo;installer au <\/font><\/font><a href=\"https:\/\/www.nice.fr\/fr\/actualites\/noel-a-nice?type=articles\"><font style=\"vertical-align: inherit;\"><font style=\"vertical-align: inherit;\">Jardin Albert Premier<\/font><\/font><\/a><font style=\"vertical-align: inherit;\"><font style=\"vertical-align: inherit;\"> . Vous pouvez venir accompagn\u00e9, (bien s\u00fbr de vos enfants) <strong>visiter la maison du P\u00e8re No\u00ebl<\/strong> ainsi que son atelier de fabrication de jouets. Vos enfants peuvent d\u00e9couvrir l&rsquo;univers du P\u00e8re No\u00ebl et d\u00e9poser leurs listes de cadeaux dans la bo\u00eete aux lettres du P\u00e8re No\u00ebl. Plusieurs <strong>spectacles gratuits<\/strong> pour enfants ont lieu tous les week-end et pendant les vacances scolaires au c\u0153ur du<strong> Village de No\u00ebl<\/strong>.<\/font><\/font><\/p>\n\n\n\n<p><font style=\"vertical-align: inherit;\"><font style=\"vertical-align: inherit;\">Pour les plus grands, vous aurez droit \u00e0 une <strong>ambiance musicale \u201cafter work\u201d<\/strong> tous les vendredis du mois avec un Dj. Le <strong>samedi 18 d\u00e9cembre<\/strong>, une soir\u00e9e sp\u00e9ciale vous assiste avec <strong>l&rsquo;Ap\u00e9ro des Frenchy.<\/strong><\/font><\/font><\/p>\n\n\n\n<div class=\"wp-block-image\"><figure class=\"aligncenter size-large is-resized\"><img loading=\"lazy\" decoding=\"async\" src=\"https:\/\/www.nestor-jeeves.com\/blog\/wp-content\/uploads\/2021\/12\/Coulee-verte-1500x630.jpg\" alt=\"Sculpture Lumineuse de la Coul\u00e9e Verte\" class=\"wp-image-108\" width=\"771\" height=\"323\"\/><figcaption>Sculpture Lumineuse de la Coul\u00e9e Verte<\/figcaption><\/figure><\/div>\n\n\n\n<p><font style=\"vertical-align: inherit;\"><font style=\"vertical-align: inherit;\">De l&rsquo;autre c\u00f4t\u00e9 de la Place Mass\u00e9na se trouve la <strong>Coul\u00e9e Verte<\/strong> alias Promenade du Paillon. Plusieurs espaces ont \u00e9t\u00e9 d\u00e9cor\u00e9s dans le th\u00e8me de l&rsquo;hiver et de No\u00ebl. Mais la nouveaut\u00e9 de cette ann\u00e9e est une magnifique sculpture lumineuse <strong>\u00ab\u00a0le miroir aux \u00e9toiles\u00a0\u00bb<\/strong><\/font><\/font>. Elle est<font style=\"vertical-align: inherit;\"><font style=\"vertical-align: inherit;\"> install\u00e9e sur le miroir d&rsquo;eau, sous laquelle vous pouvez vous promener. <\/font><\/font><\/p>\n\n\n\n<p><font style=\"vertical-align: inherit;\"><font style=\"vertical-align: inherit;\">Quand on pense \u00e0 No\u00ebl, on pense \u00e0 la montagne. Alors, la ville de Nice a <strong>reconstitu\u00e9 les stations<\/strong> de ski d&rsquo;Auron, d&rsquo;Isola 2000 et de Saint-Dalmas-le-Selvage en miniature avec une jolie for\u00eat de sapins blancs. Id\u00e9al pour se <strong>prendre en photo<\/strong> avec un d\u00e9cor grandeur nature.<\/font><\/font><\/p>\n\n\n\n<figure class=\"wp-block-image size-large is-resized\"><img loading=\"lazy\" decoding=\"async\" src=\"https:\/\/www.nestor-jeeves.com\/blog\/wp-content\/uploads\/2021\/12\/banniere-photo-blog-NJ-5-1500x630.jpg\" alt=\"Village de No\u00ebl (cr\u00e9dit photo : r\u00e9cr\u00e9aNice)\" class=\"wp-image-123\" width=\"771\" height=\"323\"\/><figcaption>Village de No\u00ebl (cr\u00e9dit photo : r\u00e9cr\u00e9aNice)<\/figcaption><\/figure>\n\n\n\n<p><font style=\"vertical-align: inherit;\"><font style=\"vertical-align: inherit;\">Si vous souhaitez d\u00e9couvrir la magie de No\u00ebl tout en profitant du bon temps, d\u00e9couvrez notre <strong>appartement <\/strong><\/font><\/font><a href=\"https:\/\/www.nestor-jeeves.com\/location\/appartement-nice-n-j-albert-1er-design-hyper-centre-tres-proche-mer-et-zone-pietonne-351160.html\"><font style=\"vertical-align: inherit;\"><font style=\"vertical-align: inherit;\">Albert 1er Design<\/font><\/font><\/a><font style=\"vertical-align: inherit;\"><font style=\"vertical-align: inherit;\"> . Il est situ\u00e9 dans <strong>l&rsquo;hyper centre<\/strong> et dispose d&rsquo;une sublime <strong>vue d\u00e9gag\u00e9e <\/strong>sur le Jardin Albert 1er ainsi que sur la mer.<\/font><\/font> La d\u00e9coration de cet appartement est moderne et lumineuse.<\/p>\n\n\n\n<p>Nous disposons de <strong><a href=\"https:\/\/www.nestor-jeeves.com\/location\/location-locations-p0\/vue-plan\/\">plusieurs appartements<\/a><\/strong> dans le secteur. Un avantage pour d\u00e9couvrir \u00e0 pied les multiples animations de No\u00ebl durant vos vacances.<\/p>\n","protected":false},"excerpt":{"rendered":"<p>Le March\u00e9 de No\u00ebl de Nice fait son grand retour et fait briller la ville de mille feux. Il se passera au Jardin Albert Premier, proche de la Place Mass\u00e9na \u00e0 Nice.<\/p>\n","protected":false},"author":2,"featured_media":106,"comment_status":"open","ping_status":"open","sticky":false,"template":"","format":"standard","meta":{"footnotes":""},"categories":[4,7],"tags":[28,33,22,30,23,32,29,27,24],"class_list":["post-93","post","type-post","status-publish","format-standard","has-post-thumbnail","hentry","category-nissa-la-bella","category-nissa-la-bella-2","tag-deco-noel-nice-2021","tag-jardin-albert-1er","tag-marche-de-noel","tag-marche-de-noel-alpes-maritimes-2021","tag-marche-de-noel-nice","tag-marche-de-noel-nice-2021","tag-marche-de-noel-nice-date","tag-marche-de-noel-pass-sanitaire","tag-place-massena"],"yoast_head":"<!-- This site is optimized with the Yoast SEO plugin v27.5 - https:\/\/yoast.com\/product\/yoast-seo-wordpress\/ -->\n<title>Le village de No\u00ebl fait briller Nice - Blog NISSA LA BELLA<\/title>\n<meta name=\"description\" content=\"Le March\u00e9 de No\u00ebl de Nice fait son grand retour ! Cette ann\u00e9e, il se passera au Jardin Albert Premier, proche de la Place Mass\u00e9na \u00e0 Nice.\" \/>\n<meta name=\"robots\" content=\"index, follow, max-snippet:-1, max-image-preview:large, max-video-preview:-1\" \/>\n<link rel=\"canonical\" href=\"https:\/\/www.nestor-jeeves.com\/blog\/fr\/le-village-de-noel-fait-briller-nice-de-mille-feux\/\" \/>\n<meta property=\"og:locale\" content=\"fr_FR\" \/>\n<meta property=\"og:type\" content=\"article\" \/>\n<meta property=\"og:title\" content=\"Le village de No\u00ebl fait briller Nice - Blog NISSA LA BELLA\" \/>\n<meta property=\"og:description\" content=\"Le March\u00e9 de No\u00ebl de Nice fait son grand retour ! Cette ann\u00e9e, il se passera au Jardin Albert Premier, proche de la Place Mass\u00e9na \u00e0 Nice.\" \/>\n<meta property=\"og:url\" content=\"https:\/\/www.nestor-jeeves.com\/blog\/fr\/le-village-de-noel-fait-briller-nice-de-mille-feux\/\" \/>\n<meta property=\"og:site_name\" content=\"Blog\" \/>\n<meta property=\"article:publisher\" content=\"https:\/\/www.facebook.com\/NestorandJeeves\/\" \/>\n<meta property=\"article:published_time\" content=\"2021-12-01T16:23:00+00:00\" \/>\n<meta property=\"article:modified_time\" content=\"2022-03-23T10:18:32+00:00\" \/>\n<meta property=\"og:image\" content=\"https:\/\/www.nestor-jeeves.com\/blog\/wp-content\/uploads\/2021\/12\/banniere-photo-blog-NJ-4-scaled.jpg\" \/>\n\t<meta property=\"og:image:width\" content=\"2560\" \/>\n\t<meta property=\"og:image:height\" content=\"1280\" \/>\n\t<meta property=\"og:image:type\" content=\"image\/jpeg\" \/>\n<meta name=\"author\" content=\"nestor-jeeves\" \/>\n<meta name=\"twitter:card\" content=\"summary_large_image\" \/>\n<meta name=\"twitter:label1\" content=\"\u00c9crit par\" \/>\n\t<meta name=\"twitter:data1\" content=\"nestor-jeeves\" \/>\n\t<meta name=\"twitter:label2\" content=\"Dur\u00e9e de lecture estim\u00e9e\" \/>\n\t<meta name=\"twitter:data2\" content=\"3 minutes\" \/>\n<script type=\"application\/ld+json\" class=\"yoast-schema-graph\">{\"@context\":\"https:\\\/\\\/schema.org\",\"@graph\":[{\"@type\":\"Article\",\"@id\":\"https:\\\/\\\/www.nestor-jeeves.com\\\/blog\\\/fr\\\/le-village-de-noel-fait-briller-nice-de-mille-feux\\\/#article\",\"isPartOf\":{\"@id\":\"https:\\\/\\\/www.nestor-jeeves.com\\\/blog\\\/fr\\\/le-village-de-noel-fait-briller-nice-de-mille-feux\\\/\"},\"author\":{\"name\":\"nestor-jeeves\",\"@id\":\"https:\\\/\\\/www.nestor-jeeves.com\\\/blog\\\/#\\\/schema\\\/person\\\/d48d0d535591c93a067c16210979f0a3\"},\"headline\":\"Le village de No\u00ebl fait briller Nice\",\"datePublished\":\"2021-12-01T16:23:00+00:00\",\"dateModified\":\"2022-03-23T10:18:32+00:00\",\"mainEntityOfPage\":{\"@id\":\"https:\\\/\\\/www.nestor-jeeves.com\\\/blog\\\/fr\\\/le-village-de-noel-fait-briller-nice-de-mille-feux\\\/\"},\"wordCount\":514,\"commentCount\":0,\"image\":{\"@id\":\"https:\\\/\\\/www.nestor-jeeves.com\\\/blog\\\/fr\\\/le-village-de-noel-fait-briller-nice-de-mille-feux\\\/#primaryimage\"},\"thumbnailUrl\":\"https:\\\/\\\/www.nestor-jeeves.com\\\/blog\\\/wp-content\\\/uploads\\\/2021\\\/12\\\/banniere-photo-blog-NJ-4-scaled.jpg\",\"keywords\":[\"deco noel nice 2021\",\"jardin albert 1er\",\"marche de noel\",\"marche de noel alpes maritimes 2021\",\"marche de noel nice\",\"march\u00e9 de noel nice 2021\",\"marche de noel nice date\",\"marche de noel pass sanitaire\",\"place massena\"],\"articleSection\":[\"NISSA LA BELLA\",\"NISSA LA BELLA\"],\"inLanguage\":\"fr-FR\",\"potentialAction\":[{\"@type\":\"CommentAction\",\"name\":\"Comment\",\"target\":[\"https:\\\/\\\/www.nestor-jeeves.com\\\/blog\\\/fr\\\/le-village-de-noel-fait-briller-nice-de-mille-feux\\\/#respond\"]}]},{\"@type\":\"WebPage\",\"@id\":\"https:\\\/\\\/www.nestor-jeeves.com\\\/blog\\\/fr\\\/le-village-de-noel-fait-briller-nice-de-mille-feux\\\/\",\"url\":\"https:\\\/\\\/www.nestor-jeeves.com\\\/blog\\\/fr\\\/le-village-de-noel-fait-briller-nice-de-mille-feux\\\/\",\"name\":\"Le village de No\u00ebl fait briller Nice - Blog NISSA LA BELLA\",\"isPartOf\":{\"@id\":\"https:\\\/\\\/www.nestor-jeeves.com\\\/blog\\\/#website\"},\"primaryImageOfPage\":{\"@id\":\"https:\\\/\\\/www.nestor-jeeves.com\\\/blog\\\/fr\\\/le-village-de-noel-fait-briller-nice-de-mille-feux\\\/#primaryimage\"},\"image\":{\"@id\":\"https:\\\/\\\/www.nestor-jeeves.com\\\/blog\\\/fr\\\/le-village-de-noel-fait-briller-nice-de-mille-feux\\\/#primaryimage\"},\"thumbnailUrl\":\"https:\\\/\\\/www.nestor-jeeves.com\\\/blog\\\/wp-content\\\/uploads\\\/2021\\\/12\\\/banniere-photo-blog-NJ-4-scaled.jpg\",\"datePublished\":\"2021-12-01T16:23:00+00:00\",\"dateModified\":\"2022-03-23T10:18:32+00:00\",\"author\":{\"@id\":\"https:\\\/\\\/www.nestor-jeeves.com\\\/blog\\\/#\\\/schema\\\/person\\\/d48d0d535591c93a067c16210979f0a3\"},\"description\":\"Le March\u00e9 de No\u00ebl de Nice fait son grand retour ! Cette ann\u00e9e, il se passera au Jardin Albert Premier, proche de la Place Mass\u00e9na \u00e0 Nice.\",\"breadcrumb\":{\"@id\":\"https:\\\/\\\/www.nestor-jeeves.com\\\/blog\\\/fr\\\/le-village-de-noel-fait-briller-nice-de-mille-feux\\\/#breadcrumb\"},\"inLanguage\":\"fr-FR\",\"potentialAction\":[{\"@type\":\"ReadAction\",\"target\":[\"https:\\\/\\\/www.nestor-jeeves.com\\\/blog\\\/fr\\\/le-village-de-noel-fait-briller-nice-de-mille-feux\\\/\"]}]},{\"@type\":\"ImageObject\",\"inLanguage\":\"fr-FR\",\"@id\":\"https:\\\/\\\/www.nestor-jeeves.com\\\/blog\\\/fr\\\/le-village-de-noel-fait-briller-nice-de-mille-feux\\\/#primaryimage\",\"url\":\"https:\\\/\\\/www.nestor-jeeves.com\\\/blog\\\/wp-content\\\/uploads\\\/2021\\\/12\\\/banniere-photo-blog-NJ-4-scaled.jpg\",\"contentUrl\":\"https:\\\/\\\/www.nestor-jeeves.com\\\/blog\\\/wp-content\\\/uploads\\\/2021\\\/12\\\/banniere-photo-blog-NJ-4-scaled.jpg\",\"width\":2560,\"height\":1280,\"caption\":\"Sculpture lumineuse de la Coul\u00e9e Verte\"},{\"@type\":\"BreadcrumbList\",\"@id\":\"https:\\\/\\\/www.nestor-jeeves.com\\\/blog\\\/fr\\\/le-village-de-noel-fait-briller-nice-de-mille-feux\\\/#breadcrumb\",\"itemListElement\":[{\"@type\":\"ListItem\",\"position\":1,\"name\":\"Home\",\"item\":\"https:\\\/\\\/www.nestor-jeeves.com\\\/blog\\\/\"},{\"@type\":\"ListItem\",\"position\":2,\"name\":\"Le village de No\u00ebl fait briller Nice\"}]},{\"@type\":\"WebSite\",\"@id\":\"https:\\\/\\\/www.nestor-jeeves.com\\\/blog\\\/#website\",\"url\":\"https:\\\/\\\/www.nestor-jeeves.com\\\/blog\\\/\",\"name\":\"https:\\\/\\\/www.nestor-jeeves.com\\\/\",\"description\":\"Nestor-Jeeves\",\"potentialAction\":[{\"@type\":\"SearchAction\",\"target\":{\"@type\":\"EntryPoint\",\"urlTemplate\":\"https:\\\/\\\/www.nestor-jeeves.com\\\/blog\\\/?s={search_term_string}\"},\"query-input\":{\"@type\":\"PropertyValueSpecification\",\"valueRequired\":true,\"valueName\":\"search_term_string\"}}],\"inLanguage\":\"fr-FR\"},{\"@type\":\"Person\",\"@id\":\"https:\\\/\\\/www.nestor-jeeves.com\\\/blog\\\/#\\\/schema\\\/person\\\/d48d0d535591c93a067c16210979f0a3\",\"name\":\"nestor-jeeves\",\"image\":{\"@type\":\"ImageObject\",\"inLanguage\":\"fr-FR\",\"@id\":\"https:\\\/\\\/secure.gravatar.com\\\/avatar\\\/1e550f4e12f53affe5e64fc30d27b9443fb95ed55ae8ef11584faccdea731928?s=96&d=mm&r=g\",\"url\":\"https:\\\/\\\/secure.gravatar.com\\\/avatar\\\/1e550f4e12f53affe5e64fc30d27b9443fb95ed55ae8ef11584faccdea731928?s=96&d=mm&r=g\",\"contentUrl\":\"https:\\\/\\\/secure.gravatar.com\\\/avatar\\\/1e550f4e12f53affe5e64fc30d27b9443fb95ed55ae8ef11584faccdea731928?s=96&d=mm&r=g\",\"caption\":\"nestor-jeeves\"},\"url\":\"https:\\\/\\\/www.nestor-jeeves.com\\\/blog\\\/fr\\\/author\\\/nestor-jeeves\\\/\"}]}<\/script>\n<!-- \/ Yoast SEO plugin. -->","yoast_head_json":{"title":"Le village de No\u00ebl fait briller Nice - Blog NISSA LA BELLA","description":"Le March\u00e9 de No\u00ebl de Nice fait son grand retour ! Cette ann\u00e9e, il se passera au Jardin Albert Premier, proche de la Place Mass\u00e9na \u00e0 Nice.","robots":{"index":"index","follow":"follow","max-snippet":"max-snippet:-1","max-image-preview":"max-image-preview:large","max-video-preview":"max-video-preview:-1"},"canonical":"https:\/\/www.nestor-jeeves.com\/blog\/fr\/le-village-de-noel-fait-briller-nice-de-mille-feux\/","og_locale":"fr_FR","og_type":"article","og_title":"Le village de No\u00ebl fait briller Nice - Blog NISSA LA BELLA","og_description":"Le March\u00e9 de No\u00ebl de Nice fait son grand retour ! Cette ann\u00e9e, il se passera au Jardin Albert Premier, proche de la Place Mass\u00e9na \u00e0 Nice.","og_url":"https:\/\/www.nestor-jeeves.com\/blog\/fr\/le-village-de-noel-fait-briller-nice-de-mille-feux\/","og_site_name":"Blog","article_publisher":"https:\/\/www.facebook.com\/NestorandJeeves\/","article_published_time":"2021-12-01T16:23:00+00:00","article_modified_time":"2022-03-23T10:18:32+00:00","og_image":[{"width":2560,"height":1280,"url":"https:\/\/www.nestor-jeeves.com\/blog\/wp-content\/uploads\/2021\/12\/banniere-photo-blog-NJ-4-scaled.jpg","type":"image\/jpeg"}],"author":"nestor-jeeves","twitter_card":"summary_large_image","twitter_misc":{"\u00c9crit par":"nestor-jeeves","Dur\u00e9e de lecture estim\u00e9e":"3 minutes"},"schema":{"@context":"https:\/\/schema.org","@graph":[{"@type":"Article","@id":"https:\/\/www.nestor-jeeves.com\/blog\/fr\/le-village-de-noel-fait-briller-nice-de-mille-feux\/#article","isPartOf":{"@id":"https:\/\/www.nestor-jeeves.com\/blog\/fr\/le-village-de-noel-fait-briller-nice-de-mille-feux\/"},"author":{"name":"nestor-jeeves","@id":"https:\/\/www.nestor-jeeves.com\/blog\/#\/schema\/person\/d48d0d535591c93a067c16210979f0a3"},"headline":"Le village de No\u00ebl fait briller Nice","datePublished":"2021-12-01T16:23:00+00:00","dateModified":"2022-03-23T10:18:32+00:00","mainEntityOfPage":{"@id":"https:\/\/www.nestor-jeeves.com\/blog\/fr\/le-village-de-noel-fait-briller-nice-de-mille-feux\/"},"wordCount":514,"commentCount":0,"image":{"@id":"https:\/\/www.nestor-jeeves.com\/blog\/fr\/le-village-de-noel-fait-briller-nice-de-mille-feux\/#primaryimage"},"thumbnailUrl":"https:\/\/www.nestor-jeeves.com\/blog\/wp-content\/uploads\/2021\/12\/banniere-photo-blog-NJ-4-scaled.jpg","keywords":["deco noel nice 2021","jardin albert 1er","marche de noel","marche de noel alpes maritimes 2021","marche de noel nice","march\u00e9 de noel nice 2021","marche de noel nice date","marche de noel pass sanitaire","place massena"],"articleSection":["NISSA LA BELLA","NISSA LA BELLA"],"inLanguage":"fr-FR","potentialAction":[{"@type":"CommentAction","name":"Comment","target":["https:\/\/www.nestor-jeeves.com\/blog\/fr\/le-village-de-noel-fait-briller-nice-de-mille-feux\/#respond"]}]},{"@type":"WebPage","@id":"https:\/\/www.nestor-jeeves.com\/blog\/fr\/le-village-de-noel-fait-briller-nice-de-mille-feux\/","url":"https:\/\/www.nestor-jeeves.com\/blog\/fr\/le-village-de-noel-fait-briller-nice-de-mille-feux\/","name":"Le village de No\u00ebl fait briller Nice - Blog NISSA LA BELLA","isPartOf":{"@id":"https:\/\/www.nestor-jeeves.com\/blog\/#website"},"primaryImageOfPage":{"@id":"https:\/\/www.nestor-jeeves.com\/blog\/fr\/le-village-de-noel-fait-briller-nice-de-mille-feux\/#primaryimage"},"image":{"@id":"https:\/\/www.nestor-jeeves.com\/blog\/fr\/le-village-de-noel-fait-briller-nice-de-mille-feux\/#primaryimage"},"thumbnailUrl":"https:\/\/www.nestor-jeeves.com\/blog\/wp-content\/uploads\/2021\/12\/banniere-photo-blog-NJ-4-scaled.jpg","datePublished":"2021-12-01T16:23:00+00:00","dateModified":"2022-03-23T10:18:32+00:00","author":{"@id":"https:\/\/www.nestor-jeeves.com\/blog\/#\/schema\/person\/d48d0d535591c93a067c16210979f0a3"},"description":"Le March\u00e9 de No\u00ebl de Nice fait son grand retour ! Cette ann\u00e9e, il se passera au Jardin Albert Premier, proche de la Place Mass\u00e9na \u00e0 Nice.","breadcrumb":{"@id":"https:\/\/www.nestor-jeeves.com\/blog\/fr\/le-village-de-noel-fait-briller-nice-de-mille-feux\/#breadcrumb"},"inLanguage":"fr-FR","potentialAction":[{"@type":"ReadAction","target":["https:\/\/www.nestor-jeeves.com\/blog\/fr\/le-village-de-noel-fait-briller-nice-de-mille-feux\/"]}]},{"@type":"ImageObject","inLanguage":"fr-FR","@id":"https:\/\/www.nestor-jeeves.com\/blog\/fr\/le-village-de-noel-fait-briller-nice-de-mille-feux\/#primaryimage","url":"https:\/\/www.nestor-jeeves.com\/blog\/wp-content\/uploads\/2021\/12\/banniere-photo-blog-NJ-4-scaled.jpg","contentUrl":"https:\/\/www.nestor-jeeves.com\/blog\/wp-content\/uploads\/2021\/12\/banniere-photo-blog-NJ-4-scaled.jpg","width":2560,"height":1280,"caption":"Sculpture lumineuse de la Coul\u00e9e Verte"},{"@type":"BreadcrumbList","@id":"https:\/\/www.nestor-jeeves.com\/blog\/fr\/le-village-de-noel-fait-briller-nice-de-mille-feux\/#breadcrumb","itemListElement":[{"@type":"ListItem","position":1,"name":"Home","item":"https:\/\/www.nestor-jeeves.com\/blog\/"},{"@type":"ListItem","position":2,"name":"Le village de No\u00ebl fait briller Nice"}]},{"@type":"WebSite","@id":"https:\/\/www.nestor-jeeves.com\/blog\/#website","url":"https:\/\/www.nestor-jeeves.com\/blog\/","name":"https:\/\/www.nestor-jeeves.com\/","description":"Nestor-Jeeves","potentialAction":[{"@type":"SearchAction","target":{"@type":"EntryPoint","urlTemplate":"https:\/\/www.nestor-jeeves.com\/blog\/?s={search_term_string}"},"query-input":{"@type":"PropertyValueSpecification","valueRequired":true,"valueName":"search_term_string"}}],"inLanguage":"fr-FR"},{"@type":"Person","@id":"https:\/\/www.nestor-jeeves.com\/blog\/#\/schema\/person\/d48d0d535591c93a067c16210979f0a3","name":"nestor-jeeves","image":{"@type":"ImageObject","inLanguage":"fr-FR","@id":"https:\/\/secure.gravatar.com\/avatar\/1e550f4e12f53affe5e64fc30d27b9443fb95ed55ae8ef11584faccdea731928?s=96&d=mm&r=g","url":"https:\/\/secure.gravatar.com\/avatar\/1e550f4e12f53affe5e64fc30d27b9443fb95ed55ae8ef11584faccdea731928?s=96&d=mm&r=g","contentUrl":"https:\/\/secure.gravatar.com\/avatar\/1e550f4e12f53affe5e64fc30d27b9443fb95ed55ae8ef11584faccdea731928?s=96&d=mm&r=g","caption":"nestor-jeeves"},"url":"https:\/\/www.nestor-jeeves.com\/blog\/fr\/author\/nestor-jeeves\/"}]}},"_links":{"self":[{"href":"https:\/\/www.nestor-jeeves.com\/blog\/fr\/wp-json\/wp\/v2\/posts\/93","targetHints":{"allow":["GET"]}}],"collection":[{"href":"https:\/\/www.nestor-jeeves.com\/blog\/fr\/wp-json\/wp\/v2\/posts"}],"about":[{"href":"https:\/\/www.nestor-jeeves.com\/blog\/fr\/wp-json\/wp\/v2\/types\/post"}],"author":[{"embeddable":true,"href":"https:\/\/www.nestor-jeeves.com\/blog\/fr\/wp-json\/wp\/v2\/users\/2"}],"replies":[{"embeddable":true,"href":"https:\/\/www.nestor-jeeves.com\/blog\/fr\/wp-json\/wp\/v2\/comments?post=93"}],"version-history":[{"count":25,"href":"https:\/\/www.nestor-jeeves.com\/blog\/fr\/wp-json\/wp\/v2\/posts\/93\/revisions"}],"predecessor-version":[{"id":158,"href":"https:\/\/www.nestor-jeeves.com\/blog\/fr\/wp-json\/wp\/v2\/posts\/93\/revisions\/158"}],"wp:featuredmedia":[{"embeddable":true,"href":"https:\/\/www.nestor-jeeves.com\/blog\/fr\/wp-json\/wp\/v2\/media\/106"}],"wp:attachment":[{"href":"https:\/\/www.nestor-jeeves.com\/blog\/fr\/wp-json\/wp\/v2\/media?parent=93"}],"wp:term":[{"taxonomy":"category","embeddable":true,"href":"https:\/\/www.nestor-jeeves.com\/blog\/fr\/wp-json\/wp\/v2\/categories?post=93"},{"taxonomy":"post_tag","embeddable":true,"href":"https:\/\/www.nestor-jeeves.com\/blog\/fr\/wp-json\/wp\/v2\/tags?post=93"}],"curies":[{"name":"wp","href":"https:\/\/api.w.org\/{rel}","templated":true}]}}