{"id":679,"date":"2024-12-02T17:57:27","date_gmt":"2024-12-02T17:57:27","guid":{"rendered":"https:\/\/www.nestor-jeeves.com\/blog\/?p=679"},"modified":"2024-12-03T12:29:49","modified_gmt":"2024-12-03T12:29:49","slug":"decouvrez-la-magie-du-marche-de-noel-de-nice","status":"publish","type":"post","link":"https:\/\/www.nestor-jeeves.com\/blog\/fr\/decouvrez-la-magie-du-marche-de-noel-de-nice\/","title":{"rendered":"<strong>D\u00e9couvrez le March\u00e9 de No\u00ebl de Nice<\/strong>"},"content":{"rendered":"\n<p>Le march\u00e9 de No\u00ebl de Nice est <strong>l&rsquo;un des \u00e9v\u00e9nements incontournables de la C\u00f4te d&rsquo;Azur pendant la saison des f\u00eates. <\/strong><br>Il transforme la ville en un v\u00e9ritable village f\u00e9erique, combinant l&rsquo;ambiance magique des f\u00eates avec la douceur du climat m\u00e9diterran\u00e9en. <br>Ce rendez-vous traditionnel organis\u00e9 <strong>sur la Place Mass\u00e9na et dans les Jardins Albert 1er,<\/strong> attire des milliers de visiteurs chaque ann\u00e9e, des habitants aux touristes internationaux. <br>Plongeons au c\u0153ur de cet \u00e9v\u00e9nement festif, \u00e0 travers ses origines, ses sp\u00e9cificit\u00e9s et ses atouts qui en font un march\u00e9 de No\u00ebl unique en France.<\/p>\n\n\n\n<figure class=\"wp-block-image size-large\"><img loading=\"lazy\" decoding=\"async\" width=\"1500\" height=\"630\" src=\"https:\/\/www.nestor-jeeves.com\/blog\/wp-content\/uploads\/2024\/12\/Design-sans-titre-8-1500x630.png\" alt=\"\" class=\"wp-image-756\"\/><\/figure>\n\n\n\n<h2 class=\"wp-block-heading\"><strong>L\u2019histoire du march\u00e9 de No\u00ebl de Nice<\/strong><\/h2>\n\n\n\n<div class=\"wp-block-group is-layout-grid wp-container-core-group-is-layout-9649a0d9 wp-block-group-is-layout-grid\">\n<p class=\"wp-container-content-e29552f7\">Le <strong>march\u00e9 de No\u00ebl de Nice<\/strong> a des racines profondes dans l\u2019histoire de la ville, mais aussi dans la tradition des f\u00eates proven\u00e7ales. <br>L&rsquo;esprit de No\u00ebl \u00e0 Nice est ancien et d\u00e8s le XIXe si\u00e8cle, les march\u00e9s d\u2019hiver et les festivit\u00e9s locales marquaient cette p\u00e9riode sp\u00e9ciale, m\u00eame si elles n\u2019\u00e9taient pas encore structur\u00e9es sous la forme que nous connaissons aujourd\u2019hui.<\/p>\n\n\n\n<p class=\"wp-container-content-e29552f7\">L\u2019introduction des march\u00e9s de No\u00ebl en France est largement inspir\u00e9e de la tradition allemande, notamment de la ville de Strasbourg, o\u00f9 ces march\u00e9s remontent au XVIe si\u00e8cle. <br>Nice a adapt\u00e9 cette tradition \u00e0 son contexte <br>unique : <strong>un march\u00e9 m\u00e9diterran\u00e9en<\/strong>, o\u00f9 l\u2019accent est mis \u00e0 la fois sur <strong>l\u2019artisanat local, les produits de la r\u00e9gion et les festivit\u00e9s familiales<\/strong>. <br>Ce m\u00e9lange de cultures rend le march\u00e9 de No\u00ebl Ni\u00e7ois particuli\u00e8rement charmant.<\/p>\n<\/div>\n\n\n\n<figure class=\"wp-block-image size-large\"><img loading=\"lazy\" decoding=\"async\" width=\"1500\" height=\"630\" src=\"https:\/\/www.nestor-jeeves.com\/blog\/wp-content\/uploads\/2021\/12\/banniere-photo-blog-NJ-6-1500x630.jpg\" alt=\"\" class=\"wp-image-111\"\/><\/figure>\n\n\n\n<h2 class=\"wp-block-heading\"><strong>Un march\u00e9 authentique et M\u00e9diterran\u00e9en<\/strong><\/h2>\n\n\n\n<p>Ce qui distingue le march\u00e9 de No\u00ebl de Nice des autres grandes villes fran\u00e7aises, c\u2019est son c\u00f4t\u00e9 <strong>m\u00e9diterran\u00e9en<\/strong>. <br>Alors que dans d\u2019autres r\u00e9gions, les march\u00e9s de No\u00ebl se d\u00e9roulent sous un manteau de neige, Nice b\u00e9n\u00e9ficie souvent de <strong>temp\u00e9ratures douces<\/strong>, permettant aux visiteurs de se promener sans avoir \u00e0 porter de lourds manteaux d\u2019hiver. <br>Cette atmosph\u00e8re plus l\u00e9g\u00e8re donne un aspect singulier \u00e0 l&rsquo;\u00e9v\u00e9nement, o\u00f9 <strong>les palmiers et le ciel bleu contrastent avec les guirlandes lumineuses et les chalets en bois<\/strong>.<\/p>\n\n\n\n<p>Le march\u00e9 se compose g\u00e9n\u00e9ralement de <strong>plus de 60 chalets en bois,<\/strong> o\u00f9 artisans et commer\u00e7ants exposent leurs produits. <br>On y trouve une grande diversit\u00e9 d\u2019articles : <strong>des d\u00e9corations de No\u00ebl artisanales, des santons proven\u00e7aux, des jouets en bois, mais aussi des v\u00eatements et accessoires locaux<\/strong>. <br>Les cr\u00e9ateurs ni\u00e7ois proposent des objets uniques, parfaits pour des cadeaux originaux et authentiques.<\/p>\n\n\n\n<figure class=\"wp-block-image size-large is-style-default\"><img loading=\"lazy\" decoding=\"async\" width=\"1500\" height=\"630\" src=\"https:\/\/www.nestor-jeeves.com\/blog\/wp-content\/uploads\/2024\/11\/Design-sans-titre-4-1-1500x630.png\" alt=\"\" class=\"wp-image-722\"\/><\/figure>\n\n\n\n<h2 class=\"wp-block-heading\"><strong>Gastronomie et saveurs locales au rendez-vous !<\/strong><\/h2>\n\n\n\n<div class=\"wp-block-media-text has-media-on-the-right is-stacked-on-mobile is-vertically-aligned-center\" style=\"grid-template-columns:auto 59%\"><div class=\"wp-block-media-text__content\">\n<p>Une autre particularit\u00e9 du march\u00e9 de No\u00ebl de Nice est la place accord\u00e9e \u00e0 la <strong>gastronomie locale.<\/strong> <br>Les visiteurs peuvent d\u00e9guster des sp\u00e9cialit\u00e9s r\u00e9gionales qui r\u00e9chauffent le c\u0153ur autant que les papilles. Parmi les incontournables, on trouve :<\/p>\n<\/div><figure class=\"wp-block-media-text__media\"><img loading=\"lazy\" decoding=\"async\" width=\"771\" height=\"323\" src=\"https:\/\/www.nestor-jeeves.com\/blog\/wp-content\/uploads\/2022\/06\/banniere-photo-blog-NJ-10.png\" alt=\"\" class=\"wp-image-446 size-full\" srcset=\"https:\/\/www.nestor-jeeves.com\/blog\/wp-content\/uploads\/2022\/06\/banniere-photo-blog-NJ-10.png 771w, https:\/\/www.nestor-jeeves.com\/blog\/wp-content\/uploads\/2022\/06\/banniere-photo-blog-NJ-10-768x322.png 768w\" sizes=\"auto, (max-width: 771px) 100vw, 771px\" \/><\/figure><\/div>\n\n\n\n<ul class=\"wp-block-list\">\n<li><strong>La socca<\/strong>, une galette \u00e0 base de farine de pois chiche, typique de la r\u00e9gion ni\u00e7oise, souvent d\u00e9gust\u00e9e bien chaude, saupoudr\u00e9e de poivre.<\/li>\n\n\n\n<li><strong>Les ganses de No\u00ebl<\/strong>, de d\u00e9licieuses p\u00e2tisseries croustillantes et dor\u00e9es, traditionnellement pr\u00e9par\u00e9es pendant les f\u00eates.<\/li>\n\n\n\n<li><strong>Les marrons chauds<\/strong>, un classique des march\u00e9s de No\u00ebl, qui rappellent les soir\u00e9es d\u2019hiver autour d\u2019un bon feu.<\/li>\n\n\n\n<li><strong>Le vin chaud<\/strong>, un incontournable des f\u00eates de fin d\u2019ann\u00e9e, parfum\u00e9 aux \u00e9pices, qui vous r\u00e9chauffe lors des fra\u00eeches soir\u00e9es de d\u00e9cembre.<\/li>\n<\/ul>\n\n\n\n<p>Ces saveurs authentiques, typiques de la <strong>Provence et de la M\u00e9diterran\u00e9e<\/strong>, sont une v\u00e9ritable invitation au voyage et \u00e0 la d\u00e9couverte culinaire.<\/p>\n\n\n\n<h2 class=\"wp-block-heading\"><strong>Un programme d\u2019animations pour toute la famille<\/strong><\/h2>\n\n\n\n<figure class=\"wp-block-image size-large\"><img loading=\"lazy\" decoding=\"async\" width=\"1500\" height=\"630\" src=\"https:\/\/www.nestor-jeeves.com\/blog\/wp-content\/uploads\/2021\/12\/banniere-photo-blog-NJ-5-1500x630.jpg\" alt=\"\" class=\"wp-image-123\"\/><\/figure>\n\n\n\n<p>Au-del\u00e0 des chalets et des stands gastronomiques, <strong>le march\u00e9 de No\u00ebl de Nice<\/strong> offre un large \u00e9ventail d\u2019<strong>activit\u00e9s pour toute la famille<\/strong>. <br><br>Chaque ann\u00e9e, <strong>la Maison du P\u00e8re No\u00ebl<\/strong> accueille petits et grands dans un d\u00e9cor lumineux avec la pr\u00e9sence du <strong>P\u00e8re No\u00ebl tous les mercredi, samedi et dimanche apr\u00e8s midi. <\/strong><br>Des <strong>spectacles <\/strong>pour enfants, des <strong>concerts<\/strong> de musique traditionnelle et des <strong>chorales de No\u00ebl<\/strong> viennent aussi rythmer les journ\u00e9es et les soir\u00e9es du march\u00e9.<\/p>\n\n\n\n<p>L\u2019un des autres points forts du march\u00e9 est sans conteste <strong>la grande roue<\/strong>, qui s\u2019\u00e9l\u00e8ve majestueusement dans le ciel ni\u00e7ois. <br>Depuis ses nacelles, les visiteurs peuvent admirer <strong>une vue panoramique sur la ville illumin\u00e9e et la mer M\u00e9diterran\u00e9e<\/strong>, <strong>un spectacle \u00e0 couper le souffle<\/strong>.<\/p>\n\n\n\n<h2 class=\"wp-block-heading\"><strong>Pourquoi Choisir Nice pour No\u00ebl ?<\/strong><\/h2>\n\n\n\n<p>Visiter Nice pendant la p\u00e9riode de <strong>No\u00ebl<\/strong>, c\u2019est bien plus qu\u2019une simple balade au march\u00e9. <br>La ville tout enti\u00e8re se pare de mille feux, cr\u00e9ant une <strong>ambiance festive<\/strong> qui s\u2019\u00e9tend bien au-del\u00e0 des all\u00e9es du march\u00e9. <br>Les rues commer\u00e7antes, les grandes places et les jardins sont <strong>orn\u00e9s de d\u00e9corations lumineuses qui illuminent les nuits d\u2019hiver<\/strong>.<\/p>\n\n\n\n<p>Les vitrines des magasins rivalisent de cr\u00e9ativit\u00e9 pour attirer l\u2019attention des passants, et de nombreux \u00e9v\u00e9nements se d\u00e9roulent en parall\u00e8le du march\u00e9 : <strong>spectacles, expositions et concerts de No\u00ebl<\/strong>. Le vieux Nice, avec ses ruelles pittoresques, devient un v\u00e9ritable \u00e9crin pour les festivit\u00e9s, offrant aux visiteurs une plong\u00e9e dans l\u2019histoire et les traditions ni\u00e7oises.<\/p>\n\n\n\n<p>Pour ceux qui souhaitent prolonger l\u2019exp\u00e9rience, <strong>les stations de ski des Alpes-Maritimes<\/strong> ne sont qu\u2019\u00e0 une heure de route de Nice, permettant de <strong>combiner les plaisirs de la montagne avec la douceur de la M\u00e9diterran\u00e9e<\/strong>.<\/p>\n\n\n\n<p>Le march\u00e9 de No\u00ebl de Nice est bien plus qu\u2019un simple \u00e9v\u00e9nement commercial. C\u2019est une v\u00e9ritable <strong>c\u00e9l\u00e9bration des f\u00eates de fin d\u2019ann\u00e9e<\/strong>, o\u00f9 se m\u00ealent <strong>traditions locales, artisanat, gastronomie et festivit\u00e9s familiales<\/strong>. Avec son ambiance unique, <strong>entre mer et montagne<\/strong>, et ses <strong>nombreuses animations<\/strong>, il s\u2019impose comme <strong>un rendez-vous incontournable de la C\u00f4te d\u2019Azur en d\u00e9cembre<\/strong>.<\/p>\n\n\n\n<p>Que l\u2019on soit Ni\u00e7ois de souche ou touriste de passage, une balade au march\u00e9 de No\u00ebl de Nice est une <strong>exp\u00e9rience \u00e0 ne pas manquer<\/strong>. Entre les odeurs de<strong> vin chaud<\/strong>, le bruit des <strong>patins sur la glace<\/strong>, les <strong>rires des enfants et les chants de No\u00ebl<\/strong>, chacun y trouvera son lot de <strong>magie et de souvenirs inoubliables<\/strong>.<\/p>\n\n\n\n<p><strong>Nice vous attend, les bras charg\u00e9s de lumi\u00e8re et de chaleur, pour vivre ensemble la magie de No\u00ebl dans un cadre exceptionnel.<\/strong><\/p>\n\n\n\n<p><strong>NOTEZ INFORMATIONS PRATIQUES <\/strong><\/p>\n\n\n\n<p><strong>Le march\u00e9 de No\u00ebl de Nice<\/strong> a ouvert vendredi <strong>29 novembre<\/strong> au <strong>jardin Albert-1er<\/strong>, en <strong>plein c\u0153ur du centre-ville<\/strong>. Une soixantaine de stands sont attendus<strong> jusqu&rsquo;au 1er janvier 2025<\/strong>.<\/p>\n\n\n\n<p><strong>Les horaires sont : <\/strong><\/p>\n\n\n\n<p><strong>Lundi au mercredi : 12h \u00e0 21h. Jeudi et vendredi : 12h \u00e0 23h. Samedi : 11h \u00e0 23h ; Dimanche : 11h \u00e0 19h. 24 et 31 d\u00e9cembre : 12h \u00e0 19h ; 25 d\u00e9cembre et 01 janvier : 14h \u00e0 21h.<\/strong><\/p>\n\n\n\n<p>R\u00e9servez votre appartement avec <strong>Nestor &amp; Jeeves<\/strong> d\u00e8s maintenant et profitez d\u2019un s\u00e9jour exceptionnel au c\u0153ur de la C\u00f4te d\u2019Azur pendant cette p\u00e9riode magique !<\/p>\n","protected":false},"excerpt":{"rendered":"<p>Le march\u00e9 de No\u00ebl de Nice est l&rsquo;un des \u00e9v\u00e9nements incontournables de la C\u00f4te d&rsquo;Azur pendant la saison des f\u00eates&#8230;.<\/p>\n","protected":false},"author":2,"featured_media":720,"comment_status":"open","ping_status":"open","sticky":false,"template":"","format":"standard","meta":{"footnotes":""},"categories":[7],"tags":[141,139,140,142,138,89],"class_list":["post-679","post","type-post","status-publish","format-standard","has-post-thumbnail","hentry","category-nissa-la-bella-2","tag-airbnb","tag-christmas-market","tag-holiday","tag-location-saisonniere-2","tag-marche-de-noel-2","tag-nice-2"],"yoast_head":"<!-- This site is optimized with the Yoast SEO plugin v27.5 - https:\/\/yoast.com\/product\/yoast-seo-wordpress\/ -->\n<title>D\u00e9couvrez le March\u00e9 de No\u00ebl de Nice - Blog<\/title>\n<meta name=\"robots\" content=\"index, follow, max-snippet:-1, max-image-preview:large, max-video-preview:-1\" \/>\n<link rel=\"canonical\" href=\"https:\/\/www.nestor-jeeves.com\/blog\/decouvrez-la-magie-du-marche-de-noel-de-nice\/\" \/>\n<meta property=\"og:locale\" content=\"fr_FR\" \/>\n<meta property=\"og:type\" content=\"article\" \/>\n<meta property=\"og:title\" content=\"D\u00e9couvrez le March\u00e9 de No\u00ebl de Nice - Blog\" \/>\n<meta property=\"og:description\" content=\"Le march\u00e9 de No\u00ebl de Nice est l&rsquo;un des \u00e9v\u00e9nements incontournables de la C\u00f4te d&rsquo;Azur pendant la saison des f\u00eates....\" \/>\n<meta property=\"og:url\" content=\"https:\/\/www.nestor-jeeves.com\/blog\/decouvrez-la-magie-du-marche-de-noel-de-nice\/\" \/>\n<meta property=\"og:site_name\" content=\"Blog\" \/>\n<meta property=\"article:publisher\" content=\"https:\/\/www.facebook.com\/NestorandJeeves\/\" \/>\n<meta property=\"article:published_time\" content=\"2024-12-02T17:57:27+00:00\" \/>\n<meta property=\"article:modified_time\" content=\"2024-12-03T12:29:49+00:00\" \/>\n<meta property=\"og:image\" content=\"https:\/\/www.nestor-jeeves.com\/blog\/wp-content\/uploads\/2024\/11\/Design-sans-titre-3-1.png\" \/>\n\t<meta property=\"og:image:width\" content=\"2240\" \/>\n\t<meta property=\"og:image:height\" content=\"1260\" \/>\n\t<meta property=\"og:image:type\" content=\"image\/png\" \/>\n<meta name=\"author\" content=\"nestor-jeeves\" \/>\n<meta name=\"twitter:card\" content=\"summary_large_image\" \/>\n<meta name=\"twitter:label1\" content=\"\u00c9crit par\" \/>\n\t<meta name=\"twitter:data1\" content=\"nestor-jeeves\" \/>\n\t<meta name=\"twitter:label2\" content=\"Dur\u00e9e de lecture estim\u00e9e\" \/>\n\t<meta name=\"twitter:data2\" content=\"6 minutes\" \/>\n<script type=\"application\/ld+json\" class=\"yoast-schema-graph\">{\"@context\":\"https:\\\/\\\/schema.org\",\"@graph\":[{\"@type\":\"Article\",\"@id\":\"https:\\\/\\\/www.nestor-jeeves.com\\\/blog\\\/decouvrez-la-magie-du-marche-de-noel-de-nice\\\/#article\",\"isPartOf\":{\"@id\":\"https:\\\/\\\/www.nestor-jeeves.com\\\/blog\\\/decouvrez-la-magie-du-marche-de-noel-de-nice\\\/\"},\"author\":{\"name\":\"nestor-jeeves\",\"@id\":\"https:\\\/\\\/www.nestor-jeeves.com\\\/blog\\\/#\\\/schema\\\/person\\\/d48d0d535591c93a067c16210979f0a3\"},\"headline\":\"D\u00e9couvrez le March\u00e9 de No\u00ebl de Nice\",\"datePublished\":\"2024-12-02T17:57:27+00:00\",\"dateModified\":\"2024-12-03T12:29:49+00:00\",\"mainEntityOfPage\":{\"@id\":\"https:\\\/\\\/www.nestor-jeeves.com\\\/blog\\\/decouvrez-la-magie-du-marche-de-noel-de-nice\\\/\"},\"wordCount\":1216,\"commentCount\":0,\"image\":{\"@id\":\"https:\\\/\\\/www.nestor-jeeves.com\\\/blog\\\/decouvrez-la-magie-du-marche-de-noel-de-nice\\\/#primaryimage\"},\"thumbnailUrl\":\"https:\\\/\\\/www.nestor-jeeves.com\\\/blog\\\/wp-content\\\/uploads\\\/2024\\\/11\\\/Design-sans-titre-3-1.png\",\"keywords\":[\"airbnb\",\"christmas market\",\"holiday\",\"location saisonni\u00e8re\",\"march\u00e9 de no\u00ebl\",\"nice\"],\"articleSection\":[\"NISSA LA BELLA\"],\"inLanguage\":\"fr-FR\",\"potentialAction\":[{\"@type\":\"CommentAction\",\"name\":\"Comment\",\"target\":[\"https:\\\/\\\/www.nestor-jeeves.com\\\/blog\\\/decouvrez-la-magie-du-marche-de-noel-de-nice\\\/#respond\"]}]},{\"@type\":\"WebPage\",\"@id\":\"https:\\\/\\\/www.nestor-jeeves.com\\\/blog\\\/decouvrez-la-magie-du-marche-de-noel-de-nice\\\/\",\"url\":\"https:\\\/\\\/www.nestor-jeeves.com\\\/blog\\\/decouvrez-la-magie-du-marche-de-noel-de-nice\\\/\",\"name\":\"D\u00e9couvrez le March\u00e9 de No\u00ebl de Nice - Blog\",\"isPartOf\":{\"@id\":\"https:\\\/\\\/www.nestor-jeeves.com\\\/blog\\\/#website\"},\"primaryImageOfPage\":{\"@id\":\"https:\\\/\\\/www.nestor-jeeves.com\\\/blog\\\/decouvrez-la-magie-du-marche-de-noel-de-nice\\\/#primaryimage\"},\"image\":{\"@id\":\"https:\\\/\\\/www.nestor-jeeves.com\\\/blog\\\/decouvrez-la-magie-du-marche-de-noel-de-nice\\\/#primaryimage\"},\"thumbnailUrl\":\"https:\\\/\\\/www.nestor-jeeves.com\\\/blog\\\/wp-content\\\/uploads\\\/2024\\\/11\\\/Design-sans-titre-3-1.png\",\"datePublished\":\"2024-12-02T17:57:27+00:00\",\"dateModified\":\"2024-12-03T12:29:49+00:00\",\"author\":{\"@id\":\"https:\\\/\\\/www.nestor-jeeves.com\\\/blog\\\/#\\\/schema\\\/person\\\/d48d0d535591c93a067c16210979f0a3\"},\"breadcrumb\":{\"@id\":\"https:\\\/\\\/www.nestor-jeeves.com\\\/blog\\\/decouvrez-la-magie-du-marche-de-noel-de-nice\\\/#breadcrumb\"},\"inLanguage\":\"fr-FR\",\"potentialAction\":[{\"@type\":\"ReadAction\",\"target\":[\"https:\\\/\\\/www.nestor-jeeves.com\\\/blog\\\/decouvrez-la-magie-du-marche-de-noel-de-nice\\\/\"]}]},{\"@type\":\"ImageObject\",\"inLanguage\":\"fr-FR\",\"@id\":\"https:\\\/\\\/www.nestor-jeeves.com\\\/blog\\\/decouvrez-la-magie-du-marche-de-noel-de-nice\\\/#primaryimage\",\"url\":\"https:\\\/\\\/www.nestor-jeeves.com\\\/blog\\\/wp-content\\\/uploads\\\/2024\\\/11\\\/Design-sans-titre-3-1.png\",\"contentUrl\":\"https:\\\/\\\/www.nestor-jeeves.com\\\/blog\\\/wp-content\\\/uploads\\\/2024\\\/11\\\/Design-sans-titre-3-1.png\",\"width\":2240,\"height\":1260},{\"@type\":\"BreadcrumbList\",\"@id\":\"https:\\\/\\\/www.nestor-jeeves.com\\\/blog\\\/decouvrez-la-magie-du-marche-de-noel-de-nice\\\/#breadcrumb\",\"itemListElement\":[{\"@type\":\"ListItem\",\"position\":1,\"name\":\"Home\",\"item\":\"https:\\\/\\\/www.nestor-jeeves.com\\\/blog\\\/\"},{\"@type\":\"ListItem\",\"position\":2,\"name\":\"D\u00e9couvrez le March\u00e9 de No\u00ebl de Nice\"}]},{\"@type\":\"WebSite\",\"@id\":\"https:\\\/\\\/www.nestor-jeeves.com\\\/blog\\\/#website\",\"url\":\"https:\\\/\\\/www.nestor-jeeves.com\\\/blog\\\/\",\"name\":\"https:\\\/\\\/www.nestor-jeeves.com\\\/\",\"description\":\"Nestor-Jeeves\",\"potentialAction\":[{\"@type\":\"SearchAction\",\"target\":{\"@type\":\"EntryPoint\",\"urlTemplate\":\"https:\\\/\\\/www.nestor-jeeves.com\\\/blog\\\/?s={search_term_string}\"},\"query-input\":{\"@type\":\"PropertyValueSpecification\",\"valueRequired\":true,\"valueName\":\"search_term_string\"}}],\"inLanguage\":\"fr-FR\"},{\"@type\":\"Person\",\"@id\":\"https:\\\/\\\/www.nestor-jeeves.com\\\/blog\\\/#\\\/schema\\\/person\\\/d48d0d535591c93a067c16210979f0a3\",\"name\":\"nestor-jeeves\",\"image\":{\"@type\":\"ImageObject\",\"inLanguage\":\"fr-FR\",\"@id\":\"https:\\\/\\\/secure.gravatar.com\\\/avatar\\\/1e550f4e12f53affe5e64fc30d27b9443fb95ed55ae8ef11584faccdea731928?s=96&d=mm&r=g\",\"url\":\"https:\\\/\\\/secure.gravatar.com\\\/avatar\\\/1e550f4e12f53affe5e64fc30d27b9443fb95ed55ae8ef11584faccdea731928?s=96&d=mm&r=g\",\"contentUrl\":\"https:\\\/\\\/secure.gravatar.com\\\/avatar\\\/1e550f4e12f53affe5e64fc30d27b9443fb95ed55ae8ef11584faccdea731928?s=96&d=mm&r=g\",\"caption\":\"nestor-jeeves\"},\"url\":\"https:\\\/\\\/www.nestor-jeeves.com\\\/blog\\\/fr\\\/author\\\/nestor-jeeves\\\/\"}]}<\/script>\n<!-- \/ Yoast SEO plugin. -->","yoast_head_json":{"title":"D\u00e9couvrez le March\u00e9 de No\u00ebl de Nice - Blog","robots":{"index":"index","follow":"follow","max-snippet":"max-snippet:-1","max-image-preview":"max-image-preview:large","max-video-preview":"max-video-preview:-1"},"canonical":"https:\/\/www.nestor-jeeves.com\/blog\/decouvrez-la-magie-du-marche-de-noel-de-nice\/","og_locale":"fr_FR","og_type":"article","og_title":"D\u00e9couvrez le March\u00e9 de No\u00ebl de Nice - Blog","og_description":"Le march\u00e9 de No\u00ebl de Nice est l&rsquo;un des \u00e9v\u00e9nements incontournables de la C\u00f4te d&rsquo;Azur pendant la saison des f\u00eates....","og_url":"https:\/\/www.nestor-jeeves.com\/blog\/decouvrez-la-magie-du-marche-de-noel-de-nice\/","og_site_name":"Blog","article_publisher":"https:\/\/www.facebook.com\/NestorandJeeves\/","article_published_time":"2024-12-02T17:57:27+00:00","article_modified_time":"2024-12-03T12:29:49+00:00","og_image":[{"width":2240,"height":1260,"url":"https:\/\/www.nestor-jeeves.com\/blog\/wp-content\/uploads\/2024\/11\/Design-sans-titre-3-1.png","type":"image\/png"}],"author":"nestor-jeeves","twitter_card":"summary_large_image","twitter_misc":{"\u00c9crit par":"nestor-jeeves","Dur\u00e9e de lecture estim\u00e9e":"6 minutes"},"schema":{"@context":"https:\/\/schema.org","@graph":[{"@type":"Article","@id":"https:\/\/www.nestor-jeeves.com\/blog\/decouvrez-la-magie-du-marche-de-noel-de-nice\/#article","isPartOf":{"@id":"https:\/\/www.nestor-jeeves.com\/blog\/decouvrez-la-magie-du-marche-de-noel-de-nice\/"},"author":{"name":"nestor-jeeves","@id":"https:\/\/www.nestor-jeeves.com\/blog\/#\/schema\/person\/d48d0d535591c93a067c16210979f0a3"},"headline":"D\u00e9couvrez le March\u00e9 de No\u00ebl de Nice","datePublished":"2024-12-02T17:57:27+00:00","dateModified":"2024-12-03T12:29:49+00:00","mainEntityOfPage":{"@id":"https:\/\/www.nestor-jeeves.com\/blog\/decouvrez-la-magie-du-marche-de-noel-de-nice\/"},"wordCount":1216,"commentCount":0,"image":{"@id":"https:\/\/www.nestor-jeeves.com\/blog\/decouvrez-la-magie-du-marche-de-noel-de-nice\/#primaryimage"},"thumbnailUrl":"https:\/\/www.nestor-jeeves.com\/blog\/wp-content\/uploads\/2024\/11\/Design-sans-titre-3-1.png","keywords":["airbnb","christmas market","holiday","location saisonni\u00e8re","march\u00e9 de no\u00ebl","nice"],"articleSection":["NISSA LA BELLA"],"inLanguage":"fr-FR","potentialAction":[{"@type":"CommentAction","name":"Comment","target":["https:\/\/www.nestor-jeeves.com\/blog\/decouvrez-la-magie-du-marche-de-noel-de-nice\/#respond"]}]},{"@type":"WebPage","@id":"https:\/\/www.nestor-jeeves.com\/blog\/decouvrez-la-magie-du-marche-de-noel-de-nice\/","url":"https:\/\/www.nestor-jeeves.com\/blog\/decouvrez-la-magie-du-marche-de-noel-de-nice\/","name":"D\u00e9couvrez le March\u00e9 de No\u00ebl de Nice - Blog","isPartOf":{"@id":"https:\/\/www.nestor-jeeves.com\/blog\/#website"},"primaryImageOfPage":{"@id":"https:\/\/www.nestor-jeeves.com\/blog\/decouvrez-la-magie-du-marche-de-noel-de-nice\/#primaryimage"},"image":{"@id":"https:\/\/www.nestor-jeeves.com\/blog\/decouvrez-la-magie-du-marche-de-noel-de-nice\/#primaryimage"},"thumbnailUrl":"https:\/\/www.nestor-jeeves.com\/blog\/wp-content\/uploads\/2024\/11\/Design-sans-titre-3-1.png","datePublished":"2024-12-02T17:57:27+00:00","dateModified":"2024-12-03T12:29:49+00:00","author":{"@id":"https:\/\/www.nestor-jeeves.com\/blog\/#\/schema\/person\/d48d0d535591c93a067c16210979f0a3"},"breadcrumb":{"@id":"https:\/\/www.nestor-jeeves.com\/blog\/decouvrez-la-magie-du-marche-de-noel-de-nice\/#breadcrumb"},"inLanguage":"fr-FR","potentialAction":[{"@type":"ReadAction","target":["https:\/\/www.nestor-jeeves.com\/blog\/decouvrez-la-magie-du-marche-de-noel-de-nice\/"]}]},{"@type":"ImageObject","inLanguage":"fr-FR","@id":"https:\/\/www.nestor-jeeves.com\/blog\/decouvrez-la-magie-du-marche-de-noel-de-nice\/#primaryimage","url":"https:\/\/www.nestor-jeeves.com\/blog\/wp-content\/uploads\/2024\/11\/Design-sans-titre-3-1.png","contentUrl":"https:\/\/www.nestor-jeeves.com\/blog\/wp-content\/uploads\/2024\/11\/Design-sans-titre-3-1.png","width":2240,"height":1260},{"@type":"BreadcrumbList","@id":"https:\/\/www.nestor-jeeves.com\/blog\/decouvrez-la-magie-du-marche-de-noel-de-nice\/#breadcrumb","itemListElement":[{"@type":"ListItem","position":1,"name":"Home","item":"https:\/\/www.nestor-jeeves.com\/blog\/"},{"@type":"ListItem","position":2,"name":"D\u00e9couvrez le March\u00e9 de No\u00ebl de Nice"}]},{"@type":"WebSite","@id":"https:\/\/www.nestor-jeeves.com\/blog\/#website","url":"https:\/\/www.nestor-jeeves.com\/blog\/","name":"https:\/\/www.nestor-jeeves.com\/","description":"Nestor-Jeeves","potentialAction":[{"@type":"SearchAction","target":{"@type":"EntryPoint","urlTemplate":"https:\/\/www.nestor-jeeves.com\/blog\/?s={search_term_string}"},"query-input":{"@type":"PropertyValueSpecification","valueRequired":true,"valueName":"search_term_string"}}],"inLanguage":"fr-FR"},{"@type":"Person","@id":"https:\/\/www.nestor-jeeves.com\/blog\/#\/schema\/person\/d48d0d535591c93a067c16210979f0a3","name":"nestor-jeeves","image":{"@type":"ImageObject","inLanguage":"fr-FR","@id":"https:\/\/secure.gravatar.com\/avatar\/1e550f4e12f53affe5e64fc30d27b9443fb95ed55ae8ef11584faccdea731928?s=96&d=mm&r=g","url":"https:\/\/secure.gravatar.com\/avatar\/1e550f4e12f53affe5e64fc30d27b9443fb95ed55ae8ef11584faccdea731928?s=96&d=mm&r=g","contentUrl":"https:\/\/secure.gravatar.com\/avatar\/1e550f4e12f53affe5e64fc30d27b9443fb95ed55ae8ef11584faccdea731928?s=96&d=mm&r=g","caption":"nestor-jeeves"},"url":"https:\/\/www.nestor-jeeves.com\/blog\/fr\/author\/nestor-jeeves\/"}]}},"_links":{"self":[{"href":"https:\/\/www.nestor-jeeves.com\/blog\/fr\/wp-json\/wp\/v2\/posts\/679","targetHints":{"allow":["GET"]}}],"collection":[{"href":"https:\/\/www.nestor-jeeves.com\/blog\/fr\/wp-json\/wp\/v2\/posts"}],"about":[{"href":"https:\/\/www.nestor-jeeves.com\/blog\/fr\/wp-json\/wp\/v2\/types\/post"}],"author":[{"embeddable":true,"href":"https:\/\/www.nestor-jeeves.com\/blog\/fr\/wp-json\/wp\/v2\/users\/2"}],"replies":[{"embeddable":true,"href":"https:\/\/www.nestor-jeeves.com\/blog\/fr\/wp-json\/wp\/v2\/comments?post=679"}],"version-history":[{"count":22,"href":"https:\/\/www.nestor-jeeves.com\/blog\/fr\/wp-json\/wp\/v2\/posts\/679\/revisions"}],"predecessor-version":[{"id":775,"href":"https:\/\/www.nestor-jeeves.com\/blog\/fr\/wp-json\/wp\/v2\/posts\/679\/revisions\/775"}],"wp:featuredmedia":[{"embeddable":true,"href":"https:\/\/www.nestor-jeeves.com\/blog\/fr\/wp-json\/wp\/v2\/media\/720"}],"wp:attachment":[{"href":"https:\/\/www.nestor-jeeves.com\/blog\/fr\/wp-json\/wp\/v2\/media?parent=679"}],"wp:term":[{"taxonomy":"category","embeddable":true,"href":"https:\/\/www.nestor-jeeves.com\/blog\/fr\/wp-json\/wp\/v2\/categories?post=679"},{"taxonomy":"post_tag","embeddable":true,"href":"https:\/\/www.nestor-jeeves.com\/blog\/fr\/wp-json\/wp\/v2\/tags?post=679"}],"curies":[{"name":"wp","href":"https:\/\/api.w.org\/{rel}","templated":true}]}}