{"id":295,"date":"2022-04-12T12:36:32","date_gmt":"2022-04-12T12:36:32","guid":{"rendered":"https:\/\/www.nestor-jeeves.com\/blog\/?p=295"},"modified":"2022-04-15T15:55:01","modified_gmt":"2022-04-15T15:55:01","slug":"cote-d-azur-top-5-des-plus-belles-plages","status":"publish","type":"post","link":"https:\/\/www.nestor-jeeves.com\/blog\/fr\/cote-d-azur-top-5-des-plus-belles-plages\/","title":{"rendered":"<strong>C\u00f4te d&rsquo;Azur : top 5 des plus belles plages<\/strong>"},"content":{"rendered":"\n<p><font style=\"vertical-align: inherit;\"><font style=\"vertical-align: inherit;\"><font style=\"vertical-align: inherit;\"><font style=\"vertical-align: inherit;\">La saison estivale fait son retour ! Et qui dit \u00e9t\u00e9, dit plage. Profitez du <\/font><\/font><\/font><\/font><strong><font style=\"vertical-align: inherit;\"><font style=\"vertical-align: inherit;\"><font style=\"vertical-align: inherit;\"><font style=\"vertical-align: inherit;\">climat <\/font><\/font><\/font><\/font><\/strong><font style=\"vertical-align: inherit;\"><font style=\"vertical-align: inherit;\"><font style=\"vertical-align: inherit;\"><font style=\"vertical-align: inherit;\"><strong>m\u00e9diterran\u00e9en<\/strong>, du soleil br\u00fblant, sans oublier ses plages aux multiples visages\u2026 <font style=\"vertical-align: inherit;\"><font style=\"vertical-align: inherit;\"><font style=\"vertical-align: inherit;\"><font style=\"vertical-align: inherit;\"> <\/font><\/font><strong><font style=\"vertical-align: inherit;\"><font style=\"vertical-align: inherit;\">La C\u00f4te d&rsquo;Azur<\/font><\/font><\/strong><font style=\"vertical-align: inherit;\"><font style=\"vertical-align: inherit;\"> est l&rsquo;endroit id\u00e9al pour passer ses vacances. <\/font><\/font><\/font><\/font>Nice et ses alentours regorgent de diff\u00e9rentes plages. Sable, galets, criques ou plages priv\u00e9es, il y en a pour tous les go\u00fbts. Notre conciergerie <\/font><\/font><\/font><\/font><a href=\"https:\/\/www.nestor-jeeves.com\/\" target=\"_blank\" rel=\"noreferrer noopener\"><strong><font style=\"vertical-align: inherit;\"><font style=\"vertical-align: inherit;\"><font style=\"vertical-align: inherit;\"><font style=\"vertical-align: inherit;\">Nestor&amp;Jeeves<\/font><\/font><\/font><\/font><\/strong> <\/a><font style=\"vertical-align: inherit;\"><font style=\"vertical-align: inherit;\"><font style=\"vertical-align: inherit;\"><font style=\"vertical-align: inherit;\"> sp\u00e9cialis\u00e9e dans la <\/font><\/font><\/font><\/font><strong><font style=\"vertical-align: inherit;\"><font style=\"vertical-align: inherit;\"><font style=\"vertical-align: inherit;\"><font style=\"vertical-align: inherit;\">location saisonni\u00e8re \u00e0 Nice<\/font><\/font><\/font><\/font><\/strong><font style=\"vertical-align: inherit;\"><font style=\"vertical-align: inherit;\"><font style=\"vertical-align: inherit;\"><font style=\"vertical-align: inherit;\">, vous donne son <\/font><\/font><strong><font style=\"vertical-align: inherit;\"><font style=\"vertical-align: inherit;\">top 5 des plus belles plages de la C\u00f4te d&rsquo;Azur<\/font><\/font><\/strong><font style=\"vertical-align: inherit;\"><font style=\"vertical-align: inherit;\"> pour passer un \u00e9t\u00e9 inoubliable sous le soleil et le chant des vagues\u2026<\/font><\/font><\/font><\/font><\/p>\n\n\n\n<h2 class=\"wp-block-heading\">D\u00e9couvre notre top 5 des plus belles plages de la C\u00f4te d&rsquo;Azur<\/h2>\n\n\n\n<h3 class=\"wp-block-heading\"><strong><em><a href=\"https:\/\/www.castelplage.com\/\" target=\"_blank\" rel=\"noreferrer noopener\">Castel Plage &#8211; Promenade des Anglais, Nice<\/a><\/em><\/strong><\/h3>\n\n\n\n<p>Pour ce premier spot turquoise, nous vous proposons l&#8217;embl\u00e9matique <strong>plage priv\u00e9e<\/strong> de la <strong>Promenade des Anglais<\/strong>, Castel Plage. Derri\u00e8re Rauba-Capeu se trouve cette magnifique plage priv\u00e9e. Une v\u00e9ritable <strong>institution \u00e0 Nice<\/strong>. On l\u2019aime pour son d\u00e9cor, sa vue imprenable sur la Baie des Anges et ses plats frais m\u00e9diterran\u00e9ens, mais aussi son accessibilit\u00e9 ! Pour s\u2019y rendre direction la Promenade des Anglais \u00e0 c\u00f4t\u00e9 de la c\u00e9l\u00e8bre structure <strong>#IloveNice<\/strong>.\u00a0Pour rappel, toutes les plages de Nice ont des galets, pensez \u00e0 prendre vos \u00ab\u00a0m\u00e9duses\u00a0\u00bb (chaussures de plage).<\/p>\n\n\n\n<figure class=\"wp-block-image size-full\"><img loading=\"lazy\" decoding=\"async\" width=\"771\" height=\"323\" src=\"https:\/\/www.nestor-jeeves.com\/blog\/wp-content\/uploads\/2022\/04\/banniere-photo-blog-NJ.png\" alt=\"Castel Plage est une plage priv\u00e9e sur la Promenade des Anglais \u00e0 Nice\" class=\"wp-image-300\" srcset=\"https:\/\/www.nestor-jeeves.com\/blog\/wp-content\/uploads\/2022\/04\/banniere-photo-blog-NJ.png 771w, https:\/\/www.nestor-jeeves.com\/blog\/wp-content\/uploads\/2022\/04\/banniere-photo-blog-NJ-768x322.png 768w\" sizes=\"auto, (max-width: 771px) 100vw, 771px\" \/><figcaption>Castel Plage<\/figcaption><\/figure>\n\n\n\n<h3 class=\"wp-block-heading\"><a href=\"https:\/\/www.plage-de-passable.fr\/\"><strong><em>Plage Passable, Saint-Jean-Cap-Ferrat<\/em><\/strong><\/a><\/h3>\n\n\n\n<p>Face \u00e0 la rade de Villefranche, se trouve la <strong>plage priv\u00e9e<\/strong> \u00ab\u00a0Passable\u00a0\u00bb. Cette sublime plage connue pour son mobilier orange est un v\u00e9ritable petit oasis. Son exposition est la meilleure, vous aurez droit au soleil toute la journ\u00e9e. Cette <strong>plage luxueuse<\/strong> poss\u00e8de son propre <strong>service de voiturier<\/strong> et un <strong>acc\u00e8s bateau<\/strong>.<br>Son plus est qu\u2019elle propose des <strong>activit\u00e9s nautiques<\/strong> ou la possibilit\u00e9 de <strong>se faire masser<\/strong>. Vous pouvez aussi venir d\u00e9guster un plat d\u00e9licieux en journ\u00e9e ou en soir\u00e9e, vous serez s\u00e9duit par son<strong> cadre spectaculaire<\/strong> face \u00e0 la ville de Villefranche. <br><strong>Notre conseil <\/strong>: juste \u00e0 c\u00f4t\u00e9, se trouve une petite plage publique qui est rapidement pleine, mais qui se vide en fin journ\u00e9e, parfait pour admirer le coucher de soleil.<\/p>\n\n\n\n<figure class=\"wp-block-image size-full\"><img loading=\"lazy\" decoding=\"async\" width=\"771\" height=\"323\" src=\"https:\/\/www.nestor-jeeves.com\/blog\/wp-content\/uploads\/2022\/04\/banniere-photo-blog-NJ-2.png\" alt=\"Passable est une des plus belles plages de Saint-Jean-Cap-Ferrat\" class=\"wp-image-304\" srcset=\"https:\/\/www.nestor-jeeves.com\/blog\/wp-content\/uploads\/2022\/04\/banniere-photo-blog-NJ-2.png 771w, https:\/\/www.nestor-jeeves.com\/blog\/wp-content\/uploads\/2022\/04\/banniere-photo-blog-NJ-2-768x322.png 768w\" sizes=\"auto, (max-width: 771px) 100vw, 771px\" \/><figcaption>Cr\u00e9dit photo @saintjeancapferrat<\/figcaption><\/figure>\n\n\n\n<h3 class=\"wp-block-heading\"><strong><font style=\"vertical-align: inherit;\"><font style=\"vertical-align: inherit;\"><a href=\"https:\/\/www.plages.tv\/detail\/plage-mala-cap-d-ail-06320\" target=\"_blank\" rel=\"noreferrer noopener\"><em>Plage de la Mala, Cap-d&rsquo;Ail<\/em><\/a><\/font><\/font><\/strong><\/h3>\n\n\n\n<p>Ce petit <strong>coin de paradis<\/strong> se situe entre deux falaises naturelles. Son<strong> aspect sauvage<\/strong> et son <strong>eau translucide <\/strong>rendent cette plage unique. On l\u2019aime pour son c\u00f4t\u00e9 calme qui nous donne l\u2019impression d\u2019\u00eatre au beau milieu d\u2019une \u00eele.<br>Par contre son <strong>acc\u00e8s est plus difficile<\/strong> car il faut emprunter un long escalier d&rsquo;une centaine de marches (qu&rsquo;il faudra penser \u00e0 remonter en fin de journ\u00e9e). Pour les plus privil\u00e9gi\u00e9s, un <strong>acc\u00e8s bateau<\/strong> est possible.<br>Une fois en bas des escaliers, vous pouvez avoir acc\u00e8s \u00e0 la plage publique ou aux deux plages priv\u00e9es : <strong><a href=\"https:\/\/www.lareservedelamala.com\/\" target=\"_blank\" rel=\"noreferrer noopener\">La R\u00e9serve de La Mala<\/a><\/strong> avec une <strong>ambiance chic<\/strong> et musicale le week-end ou <a href=\"https:\/\/edenplagemala.com\/\" target=\"_blank\" rel=\"noreferrer noopener\"><strong>Eden Palace<\/strong><\/a> pour une <strong>ambiance exotique<\/strong>.<br><strong>Notre conseil<\/strong> : n&rsquo;h\u00e9sitez pas \u00e0 prendre vos palmes et tubas pour admirer les poissons<\/p>\n\n\n\n<figure class=\"wp-block-image size-full\"><img loading=\"lazy\" decoding=\"async\" width=\"771\" height=\"323\" src=\"https:\/\/www.nestor-jeeves.com\/blog\/wp-content\/uploads\/2022\/04\/banniere-photo-blog-NJ-3.png\" alt=\"Plage La Mala \u00e0 Cap-d'Ail\" class=\"wp-image-317\" srcset=\"https:\/\/www.nestor-jeeves.com\/blog\/wp-content\/uploads\/2022\/04\/banniere-photo-blog-NJ-3.png 771w, https:\/\/www.nestor-jeeves.com\/blog\/wp-content\/uploads\/2022\/04\/banniere-photo-blog-NJ-3-768x322.png 768w\" sizes=\"auto, (max-width: 771px) 100vw, 771px\" \/><figcaption>Plage La Mala, Cap-d&rsquo;Ail<\/figcaption><\/figure>\n\n\n\n<h3 class=\"wp-block-heading\"><strong><em><a href=\"https:\/\/www.plages.tv\/detail\/plage-des-marinieres-villefranche-sur-mer-06230\" target=\"_blank\" rel=\"noreferrer noopener\">Plage de Villefranche-sur-mer<\/a><\/em><\/strong><\/h3>\n\n\n\n<p>A seulement <strong>10 min de Nice<\/strong> en voiture, d\u00e9couvrez Villefranche-sur-mer. Cette petite ville poss\u00e8de l\u2019une des plus belles plages de la r\u00e9gion qui s&rsquo;\u00e9tend sur <strong>700 m de long<\/strong>. Ce lieu est tr\u00e8s <strong>facile d\u2019acc\u00e8s<\/strong>. Le <strong>train <\/strong>vous d\u00e9posera juste au-dessus de la plage. Si vous venez en voiture, un immense <strong>parking payant<\/strong> est \u00e0 votre disposition. Au bout de cette plage se trouve un grand <strong>terrain de volley<\/strong>, fort agr\u00e9able en fin de journ\u00e9e avant de passer \u00e0 l\u2019ap\u00e9ro ! <br>Pour les amateurs de fond marin, cette plage est r\u00e9put\u00e9e pour y faire de la <strong>plong\u00e9e sous-marine.<\/strong> Une fois votre baignade termin\u00e9e, rendez-vous sur la \u00ab\u00a0Promenade des Marini\u00e8res\u00a0\u00bb, vous trouverez plusieurs restaurants en bord de mer.<\/p>\n\n\n\n<figure class=\"wp-block-image size-full\"><img loading=\"lazy\" decoding=\"async\" width=\"771\" height=\"323\" src=\"https:\/\/www.nestor-jeeves.com\/blog\/wp-content\/uploads\/2022\/04\/banniere-photo-blog-NJ-4.png\" alt=\"La rade de Villefranche-sur-mer\" class=\"wp-image-323\" srcset=\"https:\/\/www.nestor-jeeves.com\/blog\/wp-content\/uploads\/2022\/04\/banniere-photo-blog-NJ-4.png 771w, https:\/\/www.nestor-jeeves.com\/blog\/wp-content\/uploads\/2022\/04\/banniere-photo-blog-NJ-4-768x322.png 768w\" sizes=\"auto, (max-width: 771px) 100vw, 771px\" \/><figcaption>La rade de Villefranche-sur-mer<\/figcaption><\/figure>\n\n\n\n<h3 class=\"wp-block-heading\"><strong><em><a href=\"https:\/\/www.hotelamouralaplage.fr\/\" target=\"_blank\" rel=\"noreferrer noopener\">Plage L\u2019Amour \u00e0 la plage, Promenade des Anglais, Nice<\/a><\/em><\/strong><\/h3>\n\n\n\n<p>Cette jolie plage appartient au <strong>Groupe Costes<\/strong> qui poss\u00e8de l\u2019H\u00f4tel Amour \u00e0 Nice et \u00e0 Paris. Vous appr\u00e9cierez une <strong>d\u00e9coration fleurie et atypique<\/strong>. Cette plage est s\u00fbrement la <strong>plus styl\u00e9e<\/strong> de Nice. Une <strong>ambiance festive<\/strong> avec des<strong> concerts et soir\u00e9es dansantes<\/strong> vous attend du <strong>mardi au samedi jusqu\u2019\u00e0 00h30<\/strong>. Pour ce qui est du restaurant, il met en valeur les <strong>plats locaux<\/strong> de la r\u00e9gion et vous propose des plats \u00e0 des prix abordables. Pour finir en beaut\u00e9 votre soir\u00e9e, rendez-vous \u00e0 l&rsquo;H\u00f4tel Amour. Cet h\u00f4tel dispose d&rsquo;un bar dansant ouvert les week-end.<\/p>\n\n\n\n<figure class=\"wp-block-image size-full\"><img loading=\"lazy\" decoding=\"async\" width=\"771\" height=\"323\" src=\"https:\/\/www.nestor-jeeves.com\/blog\/wp-content\/uploads\/2022\/04\/banniere-photo-blog-NJ-5.png\" alt=\"L'amour \u00e0 la Plage, Nice\" class=\"wp-image-329\" srcset=\"https:\/\/www.nestor-jeeves.com\/blog\/wp-content\/uploads\/2022\/04\/banniere-photo-blog-NJ-5.png 771w, https:\/\/www.nestor-jeeves.com\/blog\/wp-content\/uploads\/2022\/04\/banniere-photo-blog-NJ-5-768x322.png 768w\" sizes=\"auto, (max-width: 771px) 100vw, 771px\" \/><figcaption>Cr\u00e9dit photo : Les Echos<\/figcaption><\/figure>\n\n\n\n<p>Notre conciergerie <strong><a href=\"https:\/\/www.nestor-jeeves.com\/location\/location-locations-p0\/?FRMNombre=vue+mer\" target=\"_blank\" rel=\"noreferrer noopener\">Nestor&amp;Jeeves<\/a><\/strong> vous propose des appartements en location saisonni\u00e8re<strong> face <\/strong>aux plages de Nice. Id\u00e9al pour aller piquer une t\u00eate de bon matin ! Nous vous conseillons : <strong><a href=\"https:\/\/www.nestor-jeeves.com\/location\/appartement-nice-n-j-ocean-promenade-terrasse-avec-vue-mer-spacieux-351669.html\" target=\"_blank\" rel=\"noreferrer noopener\">Oc\u00e9an Promenade<\/a> <\/strong>qui est un bel appartement avec une terrasse vue sur la mer ou <a href=\"https:\/\/www.nestor-jeeves.com\/location\/appartement-nice-n-j-paradise-promenade-terrasse-20m-avec-vue-mer-dernier-etage-352356.html\" target=\"_blank\" rel=\"noreferrer noopener\"><strong>Paradise Promenade<\/strong><\/a> qui poss\u00e8de une tr\u00e8s grande terrasse avec des transats.<\/p>\n\n\n\n<h4 class=\"wp-block-heading\">N&rsquo;h\u00e9sitez pas \u00e0 nous dire en commentaire la plage que vous avez pr\u00e9f\u00e9r\u00e9e pendant votre s\u00e9jour !<\/h4>\n","protected":false},"excerpt":{"rendered":"<p>La saison estivale fait bient\u00f4t son retour ! Et qui dit \u00e9t\u00e9, dit plage. La C\u00f4te d&rsquo;Azur est l&rsquo;endroit id\u00e9al pour passer ses vacances et profiter du climat paradisiaque.<\/p>\n","protected":false},"author":2,"featured_media":363,"comment_status":"open","ping_status":"open","sticky":false,"template":"","format":"standard","meta":{"footnotes":""},"categories":[6],"tags":[57,56,60,62,61,55,58],"class_list":["post-295","post","type-post","status-publish","format-standard","has-post-thumbnail","hentry","category-guide-de-voyage-2","tag-belle-plage-cote-dazur","tag-meilleur-plage-cote-dazur","tag-plage-cote-dazur-sable","tag-plage-nice","tag-plage-nice-promenade-des-anglais","tag-plage-prrivee-cote-dazur","tag-restaurant-plage-cote-dazur"],"yoast_head":"<!-- This site is optimized with the Yoast SEO plugin v27.5 - https:\/\/yoast.com\/product\/yoast-seo-wordpress\/ -->\n<title>C\u00f4te d&#039;Azur : top 5 des plus belles plages - Blog<\/title>\n<meta name=\"description\" content=\"C\u00f4te d&#039;Azur : top 5 des plus belles plages ! Nous vous avons concoct\u00e9 un classement avec des plages priv\u00e9es et des plages publiques\" \/>\n<meta name=\"robots\" content=\"index, follow, max-snippet:-1, max-image-preview:large, max-video-preview:-1\" \/>\n<link rel=\"canonical\" href=\"https:\/\/www.nestor-jeeves.com\/blog\/fr\/cote-d-azur-top-5-des-plus-belles-plages\/\" \/>\n<meta property=\"og:locale\" content=\"fr_FR\" \/>\n<meta property=\"og:type\" content=\"article\" \/>\n<meta property=\"og:title\" content=\"C\u00f4te d&#039;Azur : top 5 des plus belles plages - Blog\" \/>\n<meta property=\"og:description\" content=\"C\u00f4te d&#039;Azur : top 5 des plus belles plages ! Nous vous avons concoct\u00e9 un classement avec des plages priv\u00e9es et des plages publiques\" \/>\n<meta property=\"og:url\" content=\"https:\/\/www.nestor-jeeves.com\/blog\/fr\/cote-d-azur-top-5-des-plus-belles-plages\/\" \/>\n<meta property=\"og:site_name\" content=\"Blog\" \/>\n<meta property=\"article:publisher\" content=\"https:\/\/www.facebook.com\/NestorandJeeves\/\" \/>\n<meta property=\"article:published_time\" content=\"2022-04-12T12:36:32+00:00\" \/>\n<meta property=\"article:modified_time\" content=\"2022-04-15T15:55:01+00:00\" \/>\n<meta property=\"og:image\" content=\"https:\/\/www.nestor-jeeves.com\/blog\/wp-content\/uploads\/2022\/04\/banniere-photo-blog-NJ-6.png\" \/>\n\t<meta property=\"og:image:width\" content=\"771\" \/>\n\t<meta property=\"og:image:height\" content=\"323\" \/>\n\t<meta property=\"og:image:type\" content=\"image\/png\" \/>\n<meta name=\"author\" content=\"nestor-jeeves\" \/>\n<meta name=\"twitter:card\" content=\"summary_large_image\" \/>\n<meta name=\"twitter:label1\" content=\"\u00c9crit par\" \/>\n\t<meta name=\"twitter:data1\" content=\"nestor-jeeves\" \/>\n\t<meta name=\"twitter:label2\" content=\"Dur\u00e9e de lecture estim\u00e9e\" \/>\n\t<meta name=\"twitter:data2\" content=\"5 minutes\" \/>\n<script type=\"application\/ld+json\" class=\"yoast-schema-graph\">{\"@context\":\"https:\\\/\\\/schema.org\",\"@graph\":[{\"@type\":\"Article\",\"@id\":\"https:\\\/\\\/www.nestor-jeeves.com\\\/blog\\\/fr\\\/cote-d-azur-top-5-des-plus-belles-plages\\\/#article\",\"isPartOf\":{\"@id\":\"https:\\\/\\\/www.nestor-jeeves.com\\\/blog\\\/fr\\\/cote-d-azur-top-5-des-plus-belles-plages\\\/\"},\"author\":{\"name\":\"nestor-jeeves\",\"@id\":\"https:\\\/\\\/www.nestor-jeeves.com\\\/blog\\\/#\\\/schema\\\/person\\\/d48d0d535591c93a067c16210979f0a3\"},\"headline\":\"C\u00f4te d&rsquo;Azur : top 5 des plus belles plages\",\"datePublished\":\"2022-04-12T12:36:32+00:00\",\"dateModified\":\"2022-04-15T15:55:01+00:00\",\"mainEntityOfPage\":{\"@id\":\"https:\\\/\\\/www.nestor-jeeves.com\\\/blog\\\/fr\\\/cote-d-azur-top-5-des-plus-belles-plages\\\/\"},\"wordCount\":866,\"commentCount\":0,\"image\":{\"@id\":\"https:\\\/\\\/www.nestor-jeeves.com\\\/blog\\\/fr\\\/cote-d-azur-top-5-des-plus-belles-plages\\\/#primaryimage\"},\"thumbnailUrl\":\"https:\\\/\\\/www.nestor-jeeves.com\\\/blog\\\/wp-content\\\/uploads\\\/2022\\\/04\\\/banniere-photo-blog-NJ-6.png\",\"keywords\":[\"belle plage cote d&#039;azur\",\"meilleur plage cote d&#039;azur\",\"plage cote d&#039;azur sable\",\"plage nice\",\"plage nice promenade des anglais\",\"plage prriv\u00e9e cote d&#039;azur\",\"restaurant plage cote d&#039;azur\"],\"articleSection\":[\"GUIDE DE VOYAGE\"],\"inLanguage\":\"fr-FR\",\"potentialAction\":[{\"@type\":\"CommentAction\",\"name\":\"Comment\",\"target\":[\"https:\\\/\\\/www.nestor-jeeves.com\\\/blog\\\/fr\\\/cote-d-azur-top-5-des-plus-belles-plages\\\/#respond\"]}]},{\"@type\":\"WebPage\",\"@id\":\"https:\\\/\\\/www.nestor-jeeves.com\\\/blog\\\/fr\\\/cote-d-azur-top-5-des-plus-belles-plages\\\/\",\"url\":\"https:\\\/\\\/www.nestor-jeeves.com\\\/blog\\\/fr\\\/cote-d-azur-top-5-des-plus-belles-plages\\\/\",\"name\":\"C\u00f4te d'Azur : top 5 des plus belles plages - Blog\",\"isPartOf\":{\"@id\":\"https:\\\/\\\/www.nestor-jeeves.com\\\/blog\\\/#website\"},\"primaryImageOfPage\":{\"@id\":\"https:\\\/\\\/www.nestor-jeeves.com\\\/blog\\\/fr\\\/cote-d-azur-top-5-des-plus-belles-plages\\\/#primaryimage\"},\"image\":{\"@id\":\"https:\\\/\\\/www.nestor-jeeves.com\\\/blog\\\/fr\\\/cote-d-azur-top-5-des-plus-belles-plages\\\/#primaryimage\"},\"thumbnailUrl\":\"https:\\\/\\\/www.nestor-jeeves.com\\\/blog\\\/wp-content\\\/uploads\\\/2022\\\/04\\\/banniere-photo-blog-NJ-6.png\",\"datePublished\":\"2022-04-12T12:36:32+00:00\",\"dateModified\":\"2022-04-15T15:55:01+00:00\",\"author\":{\"@id\":\"https:\\\/\\\/www.nestor-jeeves.com\\\/blog\\\/#\\\/schema\\\/person\\\/d48d0d535591c93a067c16210979f0a3\"},\"description\":\"C\u00f4te d'Azur : top 5 des plus belles plages ! Nous vous avons concoct\u00e9 un classement avec des plages priv\u00e9es et des plages publiques\",\"breadcrumb\":{\"@id\":\"https:\\\/\\\/www.nestor-jeeves.com\\\/blog\\\/fr\\\/cote-d-azur-top-5-des-plus-belles-plages\\\/#breadcrumb\"},\"inLanguage\":\"fr-FR\",\"potentialAction\":[{\"@type\":\"ReadAction\",\"target\":[\"https:\\\/\\\/www.nestor-jeeves.com\\\/blog\\\/fr\\\/cote-d-azur-top-5-des-plus-belles-plages\\\/\"]}]},{\"@type\":\"ImageObject\",\"inLanguage\":\"fr-FR\",\"@id\":\"https:\\\/\\\/www.nestor-jeeves.com\\\/blog\\\/fr\\\/cote-d-azur-top-5-des-plus-belles-plages\\\/#primaryimage\",\"url\":\"https:\\\/\\\/www.nestor-jeeves.com\\\/blog\\\/wp-content\\\/uploads\\\/2022\\\/04\\\/banniere-photo-blog-NJ-6.png\",\"contentUrl\":\"https:\\\/\\\/www.nestor-jeeves.com\\\/blog\\\/wp-content\\\/uploads\\\/2022\\\/04\\\/banniere-photo-blog-NJ-6.png\",\"width\":771,\"height\":323,\"caption\":\"C\u00f4te d'Azur : top 5 des plus belles plages\"},{\"@type\":\"BreadcrumbList\",\"@id\":\"https:\\\/\\\/www.nestor-jeeves.com\\\/blog\\\/fr\\\/cote-d-azur-top-5-des-plus-belles-plages\\\/#breadcrumb\",\"itemListElement\":[{\"@type\":\"ListItem\",\"position\":1,\"name\":\"Home\",\"item\":\"https:\\\/\\\/www.nestor-jeeves.com\\\/blog\\\/\"},{\"@type\":\"ListItem\",\"position\":2,\"name\":\"C\u00f4te d&#8217;Azur : top 5 des plus belles plages\"}]},{\"@type\":\"WebSite\",\"@id\":\"https:\\\/\\\/www.nestor-jeeves.com\\\/blog\\\/#website\",\"url\":\"https:\\\/\\\/www.nestor-jeeves.com\\\/blog\\\/\",\"name\":\"https:\\\/\\\/www.nestor-jeeves.com\\\/\",\"description\":\"Nestor-Jeeves\",\"potentialAction\":[{\"@type\":\"SearchAction\",\"target\":{\"@type\":\"EntryPoint\",\"urlTemplate\":\"https:\\\/\\\/www.nestor-jeeves.com\\\/blog\\\/?s={search_term_string}\"},\"query-input\":{\"@type\":\"PropertyValueSpecification\",\"valueRequired\":true,\"valueName\":\"search_term_string\"}}],\"inLanguage\":\"fr-FR\"},{\"@type\":\"Person\",\"@id\":\"https:\\\/\\\/www.nestor-jeeves.com\\\/blog\\\/#\\\/schema\\\/person\\\/d48d0d535591c93a067c16210979f0a3\",\"name\":\"nestor-jeeves\",\"image\":{\"@type\":\"ImageObject\",\"inLanguage\":\"fr-FR\",\"@id\":\"https:\\\/\\\/secure.gravatar.com\\\/avatar\\\/1e550f4e12f53affe5e64fc30d27b9443fb95ed55ae8ef11584faccdea731928?s=96&d=mm&r=g\",\"url\":\"https:\\\/\\\/secure.gravatar.com\\\/avatar\\\/1e550f4e12f53affe5e64fc30d27b9443fb95ed55ae8ef11584faccdea731928?s=96&d=mm&r=g\",\"contentUrl\":\"https:\\\/\\\/secure.gravatar.com\\\/avatar\\\/1e550f4e12f53affe5e64fc30d27b9443fb95ed55ae8ef11584faccdea731928?s=96&d=mm&r=g\",\"caption\":\"nestor-jeeves\"},\"url\":\"https:\\\/\\\/www.nestor-jeeves.com\\\/blog\\\/fr\\\/author\\\/nestor-jeeves\\\/\"}]}<\/script>\n<!-- \/ Yoast SEO plugin. -->","yoast_head_json":{"title":"C\u00f4te d'Azur : top 5 des plus belles plages - Blog","description":"C\u00f4te d'Azur : top 5 des plus belles plages ! Nous vous avons concoct\u00e9 un classement avec des plages priv\u00e9es et des plages publiques","robots":{"index":"index","follow":"follow","max-snippet":"max-snippet:-1","max-image-preview":"max-image-preview:large","max-video-preview":"max-video-preview:-1"},"canonical":"https:\/\/www.nestor-jeeves.com\/blog\/fr\/cote-d-azur-top-5-des-plus-belles-plages\/","og_locale":"fr_FR","og_type":"article","og_title":"C\u00f4te d'Azur : top 5 des plus belles plages - Blog","og_description":"C\u00f4te d'Azur : top 5 des plus belles plages ! Nous vous avons concoct\u00e9 un classement avec des plages priv\u00e9es et des plages publiques","og_url":"https:\/\/www.nestor-jeeves.com\/blog\/fr\/cote-d-azur-top-5-des-plus-belles-plages\/","og_site_name":"Blog","article_publisher":"https:\/\/www.facebook.com\/NestorandJeeves\/","article_published_time":"2022-04-12T12:36:32+00:00","article_modified_time":"2022-04-15T15:55:01+00:00","og_image":[{"width":771,"height":323,"url":"https:\/\/www.nestor-jeeves.com\/blog\/wp-content\/uploads\/2022\/04\/banniere-photo-blog-NJ-6.png","type":"image\/png"}],"author":"nestor-jeeves","twitter_card":"summary_large_image","twitter_misc":{"\u00c9crit par":"nestor-jeeves","Dur\u00e9e de lecture estim\u00e9e":"5 minutes"},"schema":{"@context":"https:\/\/schema.org","@graph":[{"@type":"Article","@id":"https:\/\/www.nestor-jeeves.com\/blog\/fr\/cote-d-azur-top-5-des-plus-belles-plages\/#article","isPartOf":{"@id":"https:\/\/www.nestor-jeeves.com\/blog\/fr\/cote-d-azur-top-5-des-plus-belles-plages\/"},"author":{"name":"nestor-jeeves","@id":"https:\/\/www.nestor-jeeves.com\/blog\/#\/schema\/person\/d48d0d535591c93a067c16210979f0a3"},"headline":"C\u00f4te d&rsquo;Azur : top 5 des plus belles plages","datePublished":"2022-04-12T12:36:32+00:00","dateModified":"2022-04-15T15:55:01+00:00","mainEntityOfPage":{"@id":"https:\/\/www.nestor-jeeves.com\/blog\/fr\/cote-d-azur-top-5-des-plus-belles-plages\/"},"wordCount":866,"commentCount":0,"image":{"@id":"https:\/\/www.nestor-jeeves.com\/blog\/fr\/cote-d-azur-top-5-des-plus-belles-plages\/#primaryimage"},"thumbnailUrl":"https:\/\/www.nestor-jeeves.com\/blog\/wp-content\/uploads\/2022\/04\/banniere-photo-blog-NJ-6.png","keywords":["belle plage cote d&#039;azur","meilleur plage cote d&#039;azur","plage cote d&#039;azur sable","plage nice","plage nice promenade des anglais","plage prriv\u00e9e cote d&#039;azur","restaurant plage cote d&#039;azur"],"articleSection":["GUIDE DE VOYAGE"],"inLanguage":"fr-FR","potentialAction":[{"@type":"CommentAction","name":"Comment","target":["https:\/\/www.nestor-jeeves.com\/blog\/fr\/cote-d-azur-top-5-des-plus-belles-plages\/#respond"]}]},{"@type":"WebPage","@id":"https:\/\/www.nestor-jeeves.com\/blog\/fr\/cote-d-azur-top-5-des-plus-belles-plages\/","url":"https:\/\/www.nestor-jeeves.com\/blog\/fr\/cote-d-azur-top-5-des-plus-belles-plages\/","name":"C\u00f4te d'Azur : top 5 des plus belles plages - Blog","isPartOf":{"@id":"https:\/\/www.nestor-jeeves.com\/blog\/#website"},"primaryImageOfPage":{"@id":"https:\/\/www.nestor-jeeves.com\/blog\/fr\/cote-d-azur-top-5-des-plus-belles-plages\/#primaryimage"},"image":{"@id":"https:\/\/www.nestor-jeeves.com\/blog\/fr\/cote-d-azur-top-5-des-plus-belles-plages\/#primaryimage"},"thumbnailUrl":"https:\/\/www.nestor-jeeves.com\/blog\/wp-content\/uploads\/2022\/04\/banniere-photo-blog-NJ-6.png","datePublished":"2022-04-12T12:36:32+00:00","dateModified":"2022-04-15T15:55:01+00:00","author":{"@id":"https:\/\/www.nestor-jeeves.com\/blog\/#\/schema\/person\/d48d0d535591c93a067c16210979f0a3"},"description":"C\u00f4te d'Azur : top 5 des plus belles plages ! Nous vous avons concoct\u00e9 un classement avec des plages priv\u00e9es et des plages publiques","breadcrumb":{"@id":"https:\/\/www.nestor-jeeves.com\/blog\/fr\/cote-d-azur-top-5-des-plus-belles-plages\/#breadcrumb"},"inLanguage":"fr-FR","potentialAction":[{"@type":"ReadAction","target":["https:\/\/www.nestor-jeeves.com\/blog\/fr\/cote-d-azur-top-5-des-plus-belles-plages\/"]}]},{"@type":"ImageObject","inLanguage":"fr-FR","@id":"https:\/\/www.nestor-jeeves.com\/blog\/fr\/cote-d-azur-top-5-des-plus-belles-plages\/#primaryimage","url":"https:\/\/www.nestor-jeeves.com\/blog\/wp-content\/uploads\/2022\/04\/banniere-photo-blog-NJ-6.png","contentUrl":"https:\/\/www.nestor-jeeves.com\/blog\/wp-content\/uploads\/2022\/04\/banniere-photo-blog-NJ-6.png","width":771,"height":323,"caption":"C\u00f4te d'Azur : top 5 des plus belles plages"},{"@type":"BreadcrumbList","@id":"https:\/\/www.nestor-jeeves.com\/blog\/fr\/cote-d-azur-top-5-des-plus-belles-plages\/#breadcrumb","itemListElement":[{"@type":"ListItem","position":1,"name":"Home","item":"https:\/\/www.nestor-jeeves.com\/blog\/"},{"@type":"ListItem","position":2,"name":"C\u00f4te d&#8217;Azur : top 5 des plus belles plages"}]},{"@type":"WebSite","@id":"https:\/\/www.nestor-jeeves.com\/blog\/#website","url":"https:\/\/www.nestor-jeeves.com\/blog\/","name":"https:\/\/www.nestor-jeeves.com\/","description":"Nestor-Jeeves","potentialAction":[{"@type":"SearchAction","target":{"@type":"EntryPoint","urlTemplate":"https:\/\/www.nestor-jeeves.com\/blog\/?s={search_term_string}"},"query-input":{"@type":"PropertyValueSpecification","valueRequired":true,"valueName":"search_term_string"}}],"inLanguage":"fr-FR"},{"@type":"Person","@id":"https:\/\/www.nestor-jeeves.com\/blog\/#\/schema\/person\/d48d0d535591c93a067c16210979f0a3","name":"nestor-jeeves","image":{"@type":"ImageObject","inLanguage":"fr-FR","@id":"https:\/\/secure.gravatar.com\/avatar\/1e550f4e12f53affe5e64fc30d27b9443fb95ed55ae8ef11584faccdea731928?s=96&d=mm&r=g","url":"https:\/\/secure.gravatar.com\/avatar\/1e550f4e12f53affe5e64fc30d27b9443fb95ed55ae8ef11584faccdea731928?s=96&d=mm&r=g","contentUrl":"https:\/\/secure.gravatar.com\/avatar\/1e550f4e12f53affe5e64fc30d27b9443fb95ed55ae8ef11584faccdea731928?s=96&d=mm&r=g","caption":"nestor-jeeves"},"url":"https:\/\/www.nestor-jeeves.com\/blog\/fr\/author\/nestor-jeeves\/"}]}},"_links":{"self":[{"href":"https:\/\/www.nestor-jeeves.com\/blog\/fr\/wp-json\/wp\/v2\/posts\/295","targetHints":{"allow":["GET"]}}],"collection":[{"href":"https:\/\/www.nestor-jeeves.com\/blog\/fr\/wp-json\/wp\/v2\/posts"}],"about":[{"href":"https:\/\/www.nestor-jeeves.com\/blog\/fr\/wp-json\/wp\/v2\/types\/post"}],"author":[{"embeddable":true,"href":"https:\/\/www.nestor-jeeves.com\/blog\/fr\/wp-json\/wp\/v2\/users\/2"}],"replies":[{"embeddable":true,"href":"https:\/\/www.nestor-jeeves.com\/blog\/fr\/wp-json\/wp\/v2\/comments?post=295"}],"version-history":[{"count":26,"href":"https:\/\/www.nestor-jeeves.com\/blog\/fr\/wp-json\/wp\/v2\/posts\/295\/revisions"}],"predecessor-version":[{"id":372,"href":"https:\/\/www.nestor-jeeves.com\/blog\/fr\/wp-json\/wp\/v2\/posts\/295\/revisions\/372"}],"wp:featuredmedia":[{"embeddable":true,"href":"https:\/\/www.nestor-jeeves.com\/blog\/fr\/wp-json\/wp\/v2\/media\/363"}],"wp:attachment":[{"href":"https:\/\/www.nestor-jeeves.com\/blog\/fr\/wp-json\/wp\/v2\/media?parent=295"}],"wp:term":[{"taxonomy":"category","embeddable":true,"href":"https:\/\/www.nestor-jeeves.com\/blog\/fr\/wp-json\/wp\/v2\/categories?post=295"},{"taxonomy":"post_tag","embeddable":true,"href":"https:\/\/www.nestor-jeeves.com\/blog\/fr\/wp-json\/wp\/v2\/tags?post=295"}],"curies":[{"name":"wp","href":"https:\/\/api.w.org\/{rel}","templated":true}]}}