{"id":24,"date":"2021-10-19T14:52:52","date_gmt":"2021-10-19T14:52:52","guid":{"rendered":"https:\/\/www.nestor-jeeves.com\/blog\/?p=24"},"modified":"2022-03-23T10:20:10","modified_gmt":"2022-03-23T10:20:10","slug":"nice-joyaux-de-la-cote-dazur-inscrit-au-patrimoine-de-lunesco","status":"publish","type":"post","link":"https:\/\/www.nestor-jeeves.com\/blog\/fr\/nice-joyaux-de-la-cote-dazur-inscrit-au-patrimoine-de-lunesco\/","title":{"rendered":"<strong>Nice inscrite au Patrimoine de l\u2019Unesco<\/strong>"},"content":{"rendered":"\n<p class=\"has-text-align-left\"><em><font style=\"vertical-align: inherit;\"><font style=\"vertical-align: inherit;\"><font style=\"vertical-align: inherit;\"><font style=\"vertical-align: inherit;\">C&rsquo;est enfin act\u00e9 ! Nice fait son entr\u00e9e sur la liste des sites du <\/font><\/font><\/font><\/font><\/em><a href=\"https:\/\/whc.unesco.org\/fr\/list\/1635\"><em><font style=\"vertical-align: inherit;\"><font style=\"vertical-align: inherit;\"><font style=\"vertical-align: inherit;\"><font style=\"vertical-align: inherit;\">Patrimoine de l&rsquo;Unesco<\/font><\/font><\/font><\/font><\/em><\/a><em><font style=\"vertical-align: inherit;\"><font style=\"vertical-align: inherit;\"><font style=\"vertical-align: inherit;\"><font style=\"vertical-align: inherit;\"> . Elle est inscrite au titre de \u00ab ville de vill\u00e9giature d&rsquo;hiver de la riviera \u00bb. Un titre tr\u00e8s convoit\u00e9. Une bonne nouvelle<\/font><\/font> pour les ni\u00e7ois et surtout, pour les travailleurs dans le secteur du tourisme, qui ressentent d\u00e9j\u00e0 l&rsquo;envergure de cette annonce tr\u00e8s attendue. <\/font><\/font><\/em> <em><font style=\"vertical-align: inherit;\"><font style=\"vertical-align: inherit;\">Louez un appartement sur notre plateforme pour d\u00e9couvrir notre jolie ville !<\/font><\/font><\/em><\/p>\n\n\n\n<p class=\"has-text-align-left\"><font style=\"vertical-align: inherit;\"><font style=\"vertical-align: inherit;\">Ce sont donc, la Promenade des Anglais, le quai des \u00c9tats-Unis, les Terrasses des Ponchettes, le Mont Boron, les collines de Cimiez et des Baumettes, sans oublier, la cath\u00e9drale orthodoxe russe qui font d\u00e9sormais partie du Patrimoine de l&rsquo;Unesco .<\/font><\/font><\/p>\n\n\n\n<p class=\"has-text-align-left\">Cet \u00e9v\u00e9nement historique en a r\u00e9joui plus d\u2019un. Le maire de la ville a r\u00e9agi sur son compte Twitter. Il soulignant qu&rsquo;il s&rsquo;agit d&rsquo;un <em>\u00ab\u00a0\u00e9v\u00e9nement historique, unique dans notre histoire par sa dimension et son retentissement\u00a0\u00bb.<\/em><\/p>\n\n\n\n<p class=\"has-text-align-left\">Depuis plus de 10 ans, Nice \u00e9tait candidate pour ce titre. La ville s\u2019\u00e9tait lanc\u00e9e le d\u00e9fi de faire partie de la liste du Patrimoine Mondiale de l\u2019UNESCO au titre de la qualit\u00e9 et de son originalit\u00e9 des b\u00e2timents et des jardins qui la composent.<\/p>\n\n\n\n<p class=\"has-text-align-left\">La ville de Nice mets en avant son travail sur plusieurs ann\u00e9es a \u201c<em>prot\u00e9g\u00e9 plus de 300 b\u00e2timents, pacifi\u00e9 les d\u00e9placements, retrouv\u00e9 la lumi\u00e8re et les couleurs de nos fa\u00e7ades, replant\u00e9 les v\u00e9g\u00e9taux embl\u00e9matiques, revivifi\u00e9 et \u00e9dict\u00e9 des r\u00e8gles d\u2019urbanisme conformes \u00e0 la tradition h\u00e9rit\u00e9e du patrimoine turinois, en un mot, rendre \u00e0 Nice son visage de beaut\u00e9 et de joie\u201d.<\/em><br><\/p>\n\n\n\n<h2 class=\"has-text-align-center wp-block-heading\"><strong>Passez vos vacances sur la C\u00f4te d\u2019Azur<\/strong><\/h2>\n\n\n\n<p class=\"has-text-align-left\">Entre le Rocher, la Riviera, la mer et la montagne se niche Nice, une ville majestueuse aux divers joyaux architecturaux. Ses nombreux b\u00e2timents aux moulures prestigieuses, ses villas datant de plusieurs si\u00e8cles, ses ruelles aux couleurs flamboyantes&#8230; Toutes ces qualit\u00e9s authentiques et ind\u00e9niables la subliment.<\/p>\n\n\n\n<p class=\"has-text-align-left\">Impossible de ne pas tomber amoureux de cette ville aux multiples facettes. R\u00e9put\u00e9e dans le monde entier, Nice est devenue \u201cThe Place To Be\u201d pour passer ses vacances estivales. Gr\u00e2ce son climat ensoleill\u00e9, ses multiples \u00e9difices, ses magnifiques plages, ses paysages f\u00e9eriques, sa Promenade des Anglais etc\u2026. Nice ne manque pas de charme pour s\u00e9duire ses vacanciers !&nbsp;<\/p>\n\n\n\n<div class=\"wp-block-image\"><figure class=\"aligncenter size-large is-resized\"><img loading=\"lazy\" decoding=\"async\" src=\"https:\/\/www.nestor-jeeves.com\/blog\/wp-content\/uploads\/2021\/10\/banniere-photo-blog-NJ-1-1500x630.jpg\" alt=\"\" class=\"wp-image-72\" width=\"771\" height=\"323\"\/><figcaption>D\u00e9couvrez la Promenade des Anglais class\u00e9e au Patrimoine de l&rsquo;Unesco<\/figcaption><\/figure><\/div>\n\n\n\n<p class=\"has-text-align-left\">Depuis plusieurs si\u00e8cles, Nice fascine ses visiteurs cosmopolites venus du monde entier. Certains ont pos\u00e9 bagages, d\u2019autres reviennent chaque ann\u00e9e comme un esp\u00e8ce de rituel.\u00a0<\/p>\n\n\n\n<h3 class=\"has-text-align-center wp-block-heading\"> Privil\u00e8giez la location saisonni\u00e8re ! <\/h3>\n\n\n\n<p class=\"has-text-align-left\"><font style=\"vertical-align: inherit;\"><font style=\"vertical-align: inherit;\">Aujourd&rsquo;hui, gr\u00e2ce \u00e0 cette renomm\u00e9e mondialement connue qui est le patrimoine de l&rsquo;Unesco, le tourisme va \u00eatre renforc\u00e9 et la ville compte bien d\u00e9velopper des structures diff\u00e9rentes qui accueillent ses visiteurs. Depuis plusieurs ann\u00e9es, ses touristes pr\u00e9f\u00e8rent s\u00e9journer dans des locations saisonni\u00e8res de type Airbnb. Un syst\u00e8me qui est de plus en plus convoit\u00e9 par les touristes avec des enfants ou des jeunes couples qui aiment \u00eatre \u00ab comme \u00e0 la maison \u00bb. Pour eux rien de plus facile<\/font><\/font>.<font style=\"vertical-align: inherit;\"><font style=\"vertical-align: inherit;\"> Il suffit de r\u00e9server via des plateformes ou directement sur les <\/font><\/font><a href=\"https:\/\/www.nestor-jeeves.com\/\"><font style=\"vertical-align: inherit;\"><font style=\"vertical-align: inherit;\">sites de conciergerie<\/font><\/font><\/a><font style=\"vertical-align: inherit;\"><font style=\"vertical-align: inherit;\"> telle que Nestor&amp;Jeeves. Tout est pris en compte de A \u00e0 Z.<\/font><\/font><\/p>\n\n\n\n<p class=\"has-text-align-left\"><font style=\"vertical-align: inherit;\"><font style=\"vertical-align: inherit;\">Donc, venez sentir le soleil br\u00fblant sur votre peau, rafra\u00eechissez-vous au bord du littoral, bronzez sur les nombreuses cris qui englobent Nice et go\u00fbtez les fameuses sp\u00e9cialit\u00e9s ni\u00e7oises qui <\/font><\/font>font<font style=\"vertical-align: inherit;\"><font style=\"vertical-align: inherit;\"> la renomm\u00e9e de cette ville paradisiaque. <\/font><\/font><\/p>\n\n\n\n<h4 class=\"has-text-align-center wp-block-heading\"><font style=\"vertical-align: inherit;\"><font style=\"vertical-align: inherit;\">Voil\u00e0 le programme que nous vous proposons.&nbsp;<\/font><\/font><\/h4>\n\n\n\n<div class=\"wp-block-image is-style-default\"><figure class=\"aligncenter size-large is-resized\"><img loading=\"lazy\" decoding=\"async\" src=\"https:\/\/www.nestor-jeeves.com\/blog\/wp-content\/uploads\/2021\/10\/banniere-photo-blog-NJ-2-1500x630.jpg\" alt=\"\" class=\"wp-image-74\" width=\"759\" height=\"318\"\/><figcaption>Les chaises bleues de la Promenade des Anglais<\/figcaption><\/figure><\/div>\n\n\n\n<p class=\"has-text-align-left\">Pour ce qui est du logement, privil\u00e9giez la location saisonni\u00e8re en vous d\u00e9nichant un appartement dans les quartiers phares tels que la Promenade des Anglais ou le Carr\u00e9 d\u2019Or. Imaginez-vous, chaque matin \u00eatre r\u00e9veill\u00e9 par le bruit des vagues et l\u2019odeur de l\u2019iode\u2026 Avec notre <a href=\"https:\/\/www.nestor-jeeves.com\/\">conciergerie Nestor &amp; Jeeves<\/a> c\u2019est possible. Nous vous proposons plusieurs appartements dans vos quartiers favoris!&nbsp;<\/p>\n\n\n\n<p class=\"has-text-align-left\"><font style=\"vertical-align: inherit;\"><font style=\"vertical-align: inherit;\">Fan des ruelles pittoresques et des fa\u00e7ades ocres du Vieux-Nice ? Ca tombe bien, nous avons un tas d&rsquo;appartements aux multiples d\u00e9corations qui sauront vous plaire.&nbsp;<\/font><\/font><\/p>\n\n\n\n<p class=\"has-text-align-left\"><font style=\"vertical-align: inherit;\"><font style=\"vertical-align: inherit;\">Aussi belle de jour comme de nuit, la Place Mass\u00e9na est situ\u00e9e en plein c\u0153ur de la ville. D&rsquo;un c\u00f4t\u00e9, l&rsquo;avenue commer\u00e7ante Jean-M\u00e9decin, de l&rsquo;autre le Vieux-Nice. Cette somptueuse Place charme aussi bien les visiteurs que les ni\u00e7ois, de par ses fa\u00e7ades rouges vives, que part son sol en damier. Notre appartement <\/font><\/font><a href=\"https:\/\/www.nestor-jeeves.com\/location\/appartement-nice-n-j-massena-dream-hyper-centre-proche-mer-315217.html\"><font style=\"vertical-align: inherit;\"><font style=\"vertical-align: inherit;\">Massena Dream<\/font><\/font><\/a><font style=\"vertical-align: inherit;\"><font style=\"vertical-align: inherit;\"> sera id\u00e9al pour votre s\u00e9jour et pour d\u00e9couvrir ce lieu le plus embl\u00e9matique.<\/font><\/font><\/p>\n\n\n\n<p class=\"has-text-align-left\">Sans oublier, le c\u00e9l\u00e8bre quartier du Carr\u00e9 d\u2019or qui regorge de nombreux immeubles bourgeois ainsi que de tr\u00e8s beaux jardins. Louez notre appartement Reine Marie pour profiter d\u2019un s\u00e9jour au calme et d\u2019une parfaite localisation.<\/p>\n\n\n\n<p class=\"has-text-align-left\"><font style=\"vertical-align: inherit;\"><font style=\"vertical-align: inherit;\">N&rsquo;attendez plus pour d\u00e9couvrir nos Joyaux de la C\u00f4te d&rsquo;Azur.<\/font><\/font><\/p>\n","protected":false},"excerpt":{"rendered":"<p>Nice, joyaux de la C\u00f4te d&rsquo;Azur fait son entr\u00e9e sur la liste des sites du Patrimoine de l&rsquo;Unesco au titre de \u201cville de vill\u00e9giature d\u2019hiver de la riviera\u201d.<\/p>\n","protected":false},"author":2,"featured_media":76,"comment_status":"open","ping_status":"open","sticky":false,"template":"","format":"standard","meta":{"footnotes":""},"categories":[4,7],"tags":[13,12,14,10,9,11],"class_list":["post-24","post","type-post","status-publish","format-standard","has-post-thumbnail","hentry","category-nissa-la-bella","category-nissa-la-bella-2","tag-appartement-a-louer","tag-conciergerie","tag-location-appartement","tag-nice","tag-patrimoine-unesco","tag-promenade-des-anglais"],"yoast_head":"<!-- This site is optimized with the Yoast SEO plugin v27.5 - https:\/\/yoast.com\/product\/yoast-seo-wordpress\/ -->\n<title>Nice inscrite au Patrimoine de l\u2019Unesco - Blog<\/title>\n<meta name=\"description\" content=\"D\u00e9couvrez Nice en louant un bel appartement dans les quartiers phares de Nice sur notre plateforme de r\u00e9servation Nestor&amp;Jeeves\" \/>\n<meta name=\"robots\" content=\"index, follow, max-snippet:-1, max-image-preview:large, max-video-preview:-1\" \/>\n<link rel=\"canonical\" href=\"https:\/\/www.nestor-jeeves.com\/blog\/fr\/nice-joyaux-de-la-cote-dazur-inscrit-au-patrimoine-de-lunesco\/\" \/>\n<meta property=\"og:locale\" content=\"fr_FR\" \/>\n<meta property=\"og:type\" content=\"article\" \/>\n<meta property=\"og:title\" content=\"Nice inscrite au Patrimoine de l\u2019Unesco - Blog\" \/>\n<meta property=\"og:description\" content=\"D\u00e9couvrez Nice en louant un bel appartement dans les quartiers phares de Nice sur notre plateforme de r\u00e9servation Nestor&amp;Jeeves\" \/>\n<meta property=\"og:url\" content=\"https:\/\/www.nestor-jeeves.com\/blog\/fr\/nice-joyaux-de-la-cote-dazur-inscrit-au-patrimoine-de-lunesco\/\" \/>\n<meta property=\"og:site_name\" content=\"Blog\" \/>\n<meta property=\"article:publisher\" content=\"https:\/\/www.facebook.com\/NestorandJeeves\/\" \/>\n<meta property=\"article:published_time\" content=\"2021-10-19T14:52:52+00:00\" \/>\n<meta property=\"article:modified_time\" content=\"2022-03-23T10:20:10+00:00\" \/>\n<meta property=\"og:image\" content=\"https:\/\/www.nestor-jeeves.com\/blog\/wp-content\/uploads\/2021\/10\/banniere-photo-blog-NJ-3-scaled.jpg\" \/>\n\t<meta property=\"og:image:width\" content=\"2560\" \/>\n\t<meta property=\"og:image:height\" content=\"1280\" \/>\n\t<meta property=\"og:image:type\" content=\"image\/jpeg\" \/>\n<meta name=\"author\" content=\"nestor-jeeves\" \/>\n<meta name=\"twitter:card\" content=\"summary_large_image\" \/>\n<meta name=\"twitter:label1\" content=\"\u00c9crit par\" \/>\n\t<meta name=\"twitter:data1\" content=\"nestor-jeeves\" \/>\n\t<meta name=\"twitter:label2\" content=\"Dur\u00e9e de lecture estim\u00e9e\" \/>\n\t<meta name=\"twitter:data2\" content=\"4 minutes\" \/>\n<script type=\"application\/ld+json\" class=\"yoast-schema-graph\">{\"@context\":\"https:\\\/\\\/schema.org\",\"@graph\":[{\"@type\":\"Article\",\"@id\":\"https:\\\/\\\/www.nestor-jeeves.com\\\/blog\\\/fr\\\/nice-joyaux-de-la-cote-dazur-inscrit-au-patrimoine-de-lunesco\\\/#article\",\"isPartOf\":{\"@id\":\"https:\\\/\\\/www.nestor-jeeves.com\\\/blog\\\/fr\\\/nice-joyaux-de-la-cote-dazur-inscrit-au-patrimoine-de-lunesco\\\/\"},\"author\":{\"name\":\"nestor-jeeves\",\"@id\":\"https:\\\/\\\/www.nestor-jeeves.com\\\/blog\\\/#\\\/schema\\\/person\\\/d48d0d535591c93a067c16210979f0a3\"},\"headline\":\"Nice inscrite au Patrimoine de l\u2019Unesco\",\"datePublished\":\"2021-10-19T14:52:52+00:00\",\"dateModified\":\"2022-03-23T10:20:10+00:00\",\"mainEntityOfPage\":{\"@id\":\"https:\\\/\\\/www.nestor-jeeves.com\\\/blog\\\/fr\\\/nice-joyaux-de-la-cote-dazur-inscrit-au-patrimoine-de-lunesco\\\/\"},\"wordCount\":872,\"commentCount\":0,\"image\":{\"@id\":\"https:\\\/\\\/www.nestor-jeeves.com\\\/blog\\\/fr\\\/nice-joyaux-de-la-cote-dazur-inscrit-au-patrimoine-de-lunesco\\\/#primaryimage\"},\"thumbnailUrl\":\"https:\\\/\\\/www.nestor-jeeves.com\\\/blog\\\/wp-content\\\/uploads\\\/2021\\\/10\\\/banniere-photo-blog-NJ-3-scaled.jpg\",\"keywords\":[\"appartement \u00e0 louer\",\"conciergerie\",\"location appartement\",\"nice\",\"patrimoine unesco\",\"promenade des anglais\"],\"articleSection\":[\"NISSA LA BELLA\",\"NISSA LA BELLA\"],\"inLanguage\":\"fr-FR\",\"potentialAction\":[{\"@type\":\"CommentAction\",\"name\":\"Comment\",\"target\":[\"https:\\\/\\\/www.nestor-jeeves.com\\\/blog\\\/fr\\\/nice-joyaux-de-la-cote-dazur-inscrit-au-patrimoine-de-lunesco\\\/#respond\"]}]},{\"@type\":\"WebPage\",\"@id\":\"https:\\\/\\\/www.nestor-jeeves.com\\\/blog\\\/fr\\\/nice-joyaux-de-la-cote-dazur-inscrit-au-patrimoine-de-lunesco\\\/\",\"url\":\"https:\\\/\\\/www.nestor-jeeves.com\\\/blog\\\/fr\\\/nice-joyaux-de-la-cote-dazur-inscrit-au-patrimoine-de-lunesco\\\/\",\"name\":\"Nice inscrite au Patrimoine de l\u2019Unesco - Blog\",\"isPartOf\":{\"@id\":\"https:\\\/\\\/www.nestor-jeeves.com\\\/blog\\\/#website\"},\"primaryImageOfPage\":{\"@id\":\"https:\\\/\\\/www.nestor-jeeves.com\\\/blog\\\/fr\\\/nice-joyaux-de-la-cote-dazur-inscrit-au-patrimoine-de-lunesco\\\/#primaryimage\"},\"image\":{\"@id\":\"https:\\\/\\\/www.nestor-jeeves.com\\\/blog\\\/fr\\\/nice-joyaux-de-la-cote-dazur-inscrit-au-patrimoine-de-lunesco\\\/#primaryimage\"},\"thumbnailUrl\":\"https:\\\/\\\/www.nestor-jeeves.com\\\/blog\\\/wp-content\\\/uploads\\\/2021\\\/10\\\/banniere-photo-blog-NJ-3-scaled.jpg\",\"datePublished\":\"2021-10-19T14:52:52+00:00\",\"dateModified\":\"2022-03-23T10:20:10+00:00\",\"author\":{\"@id\":\"https:\\\/\\\/www.nestor-jeeves.com\\\/blog\\\/#\\\/schema\\\/person\\\/d48d0d535591c93a067c16210979f0a3\"},\"description\":\"D\u00e9couvrez Nice en louant un bel appartement dans les quartiers phares de Nice sur notre plateforme de r\u00e9servation Nestor&Jeeves\",\"breadcrumb\":{\"@id\":\"https:\\\/\\\/www.nestor-jeeves.com\\\/blog\\\/fr\\\/nice-joyaux-de-la-cote-dazur-inscrit-au-patrimoine-de-lunesco\\\/#breadcrumb\"},\"inLanguage\":\"fr-FR\",\"potentialAction\":[{\"@type\":\"ReadAction\",\"target\":[\"https:\\\/\\\/www.nestor-jeeves.com\\\/blog\\\/fr\\\/nice-joyaux-de-la-cote-dazur-inscrit-au-patrimoine-de-lunesco\\\/\"]}]},{\"@type\":\"ImageObject\",\"inLanguage\":\"fr-FR\",\"@id\":\"https:\\\/\\\/www.nestor-jeeves.com\\\/blog\\\/fr\\\/nice-joyaux-de-la-cote-dazur-inscrit-au-patrimoine-de-lunesco\\\/#primaryimage\",\"url\":\"https:\\\/\\\/www.nestor-jeeves.com\\\/blog\\\/wp-content\\\/uploads\\\/2021\\\/10\\\/banniere-photo-blog-NJ-3-scaled.jpg\",\"contentUrl\":\"https:\\\/\\\/www.nestor-jeeves.com\\\/blog\\\/wp-content\\\/uploads\\\/2021\\\/10\\\/banniere-photo-blog-NJ-3-scaled.jpg\",\"width\":2560,\"height\":1280},{\"@type\":\"BreadcrumbList\",\"@id\":\"https:\\\/\\\/www.nestor-jeeves.com\\\/blog\\\/fr\\\/nice-joyaux-de-la-cote-dazur-inscrit-au-patrimoine-de-lunesco\\\/#breadcrumb\",\"itemListElement\":[{\"@type\":\"ListItem\",\"position\":1,\"name\":\"Home\",\"item\":\"https:\\\/\\\/www.nestor-jeeves.com\\\/blog\\\/\"},{\"@type\":\"ListItem\",\"position\":2,\"name\":\"Nice inscrite au Patrimoine de l\u2019Unesco\"}]},{\"@type\":\"WebSite\",\"@id\":\"https:\\\/\\\/www.nestor-jeeves.com\\\/blog\\\/#website\",\"url\":\"https:\\\/\\\/www.nestor-jeeves.com\\\/blog\\\/\",\"name\":\"https:\\\/\\\/www.nestor-jeeves.com\\\/\",\"description\":\"Nestor-Jeeves\",\"potentialAction\":[{\"@type\":\"SearchAction\",\"target\":{\"@type\":\"EntryPoint\",\"urlTemplate\":\"https:\\\/\\\/www.nestor-jeeves.com\\\/blog\\\/?s={search_term_string}\"},\"query-input\":{\"@type\":\"PropertyValueSpecification\",\"valueRequired\":true,\"valueName\":\"search_term_string\"}}],\"inLanguage\":\"fr-FR\"},{\"@type\":\"Person\",\"@id\":\"https:\\\/\\\/www.nestor-jeeves.com\\\/blog\\\/#\\\/schema\\\/person\\\/d48d0d535591c93a067c16210979f0a3\",\"name\":\"nestor-jeeves\",\"image\":{\"@type\":\"ImageObject\",\"inLanguage\":\"fr-FR\",\"@id\":\"https:\\\/\\\/secure.gravatar.com\\\/avatar\\\/1e550f4e12f53affe5e64fc30d27b9443fb95ed55ae8ef11584faccdea731928?s=96&d=mm&r=g\",\"url\":\"https:\\\/\\\/secure.gravatar.com\\\/avatar\\\/1e550f4e12f53affe5e64fc30d27b9443fb95ed55ae8ef11584faccdea731928?s=96&d=mm&r=g\",\"contentUrl\":\"https:\\\/\\\/secure.gravatar.com\\\/avatar\\\/1e550f4e12f53affe5e64fc30d27b9443fb95ed55ae8ef11584faccdea731928?s=96&d=mm&r=g\",\"caption\":\"nestor-jeeves\"},\"url\":\"https:\\\/\\\/www.nestor-jeeves.com\\\/blog\\\/fr\\\/author\\\/nestor-jeeves\\\/\"}]}<\/script>\n<!-- \/ Yoast SEO plugin. -->","yoast_head_json":{"title":"Nice inscrite au Patrimoine de l\u2019Unesco - Blog","description":"D\u00e9couvrez Nice en louant un bel appartement dans les quartiers phares de Nice sur notre plateforme de r\u00e9servation Nestor&Jeeves","robots":{"index":"index","follow":"follow","max-snippet":"max-snippet:-1","max-image-preview":"max-image-preview:large","max-video-preview":"max-video-preview:-1"},"canonical":"https:\/\/www.nestor-jeeves.com\/blog\/fr\/nice-joyaux-de-la-cote-dazur-inscrit-au-patrimoine-de-lunesco\/","og_locale":"fr_FR","og_type":"article","og_title":"Nice inscrite au Patrimoine de l\u2019Unesco - Blog","og_description":"D\u00e9couvrez Nice en louant un bel appartement dans les quartiers phares de Nice sur notre plateforme de r\u00e9servation Nestor&Jeeves","og_url":"https:\/\/www.nestor-jeeves.com\/blog\/fr\/nice-joyaux-de-la-cote-dazur-inscrit-au-patrimoine-de-lunesco\/","og_site_name":"Blog","article_publisher":"https:\/\/www.facebook.com\/NestorandJeeves\/","article_published_time":"2021-10-19T14:52:52+00:00","article_modified_time":"2022-03-23T10:20:10+00:00","og_image":[{"width":2560,"height":1280,"url":"https:\/\/www.nestor-jeeves.com\/blog\/wp-content\/uploads\/2021\/10\/banniere-photo-blog-NJ-3-scaled.jpg","type":"image\/jpeg"}],"author":"nestor-jeeves","twitter_card":"summary_large_image","twitter_misc":{"\u00c9crit par":"nestor-jeeves","Dur\u00e9e de lecture estim\u00e9e":"4 minutes"},"schema":{"@context":"https:\/\/schema.org","@graph":[{"@type":"Article","@id":"https:\/\/www.nestor-jeeves.com\/blog\/fr\/nice-joyaux-de-la-cote-dazur-inscrit-au-patrimoine-de-lunesco\/#article","isPartOf":{"@id":"https:\/\/www.nestor-jeeves.com\/blog\/fr\/nice-joyaux-de-la-cote-dazur-inscrit-au-patrimoine-de-lunesco\/"},"author":{"name":"nestor-jeeves","@id":"https:\/\/www.nestor-jeeves.com\/blog\/#\/schema\/person\/d48d0d535591c93a067c16210979f0a3"},"headline":"Nice inscrite au Patrimoine de l\u2019Unesco","datePublished":"2021-10-19T14:52:52+00:00","dateModified":"2022-03-23T10:20:10+00:00","mainEntityOfPage":{"@id":"https:\/\/www.nestor-jeeves.com\/blog\/fr\/nice-joyaux-de-la-cote-dazur-inscrit-au-patrimoine-de-lunesco\/"},"wordCount":872,"commentCount":0,"image":{"@id":"https:\/\/www.nestor-jeeves.com\/blog\/fr\/nice-joyaux-de-la-cote-dazur-inscrit-au-patrimoine-de-lunesco\/#primaryimage"},"thumbnailUrl":"https:\/\/www.nestor-jeeves.com\/blog\/wp-content\/uploads\/2021\/10\/banniere-photo-blog-NJ-3-scaled.jpg","keywords":["appartement \u00e0 louer","conciergerie","location appartement","nice","patrimoine unesco","promenade des anglais"],"articleSection":["NISSA LA BELLA","NISSA LA BELLA"],"inLanguage":"fr-FR","potentialAction":[{"@type":"CommentAction","name":"Comment","target":["https:\/\/www.nestor-jeeves.com\/blog\/fr\/nice-joyaux-de-la-cote-dazur-inscrit-au-patrimoine-de-lunesco\/#respond"]}]},{"@type":"WebPage","@id":"https:\/\/www.nestor-jeeves.com\/blog\/fr\/nice-joyaux-de-la-cote-dazur-inscrit-au-patrimoine-de-lunesco\/","url":"https:\/\/www.nestor-jeeves.com\/blog\/fr\/nice-joyaux-de-la-cote-dazur-inscrit-au-patrimoine-de-lunesco\/","name":"Nice inscrite au Patrimoine de l\u2019Unesco - Blog","isPartOf":{"@id":"https:\/\/www.nestor-jeeves.com\/blog\/#website"},"primaryImageOfPage":{"@id":"https:\/\/www.nestor-jeeves.com\/blog\/fr\/nice-joyaux-de-la-cote-dazur-inscrit-au-patrimoine-de-lunesco\/#primaryimage"},"image":{"@id":"https:\/\/www.nestor-jeeves.com\/blog\/fr\/nice-joyaux-de-la-cote-dazur-inscrit-au-patrimoine-de-lunesco\/#primaryimage"},"thumbnailUrl":"https:\/\/www.nestor-jeeves.com\/blog\/wp-content\/uploads\/2021\/10\/banniere-photo-blog-NJ-3-scaled.jpg","datePublished":"2021-10-19T14:52:52+00:00","dateModified":"2022-03-23T10:20:10+00:00","author":{"@id":"https:\/\/www.nestor-jeeves.com\/blog\/#\/schema\/person\/d48d0d535591c93a067c16210979f0a3"},"description":"D\u00e9couvrez Nice en louant un bel appartement dans les quartiers phares de Nice sur notre plateforme de r\u00e9servation Nestor&Jeeves","breadcrumb":{"@id":"https:\/\/www.nestor-jeeves.com\/blog\/fr\/nice-joyaux-de-la-cote-dazur-inscrit-au-patrimoine-de-lunesco\/#breadcrumb"},"inLanguage":"fr-FR","potentialAction":[{"@type":"ReadAction","target":["https:\/\/www.nestor-jeeves.com\/blog\/fr\/nice-joyaux-de-la-cote-dazur-inscrit-au-patrimoine-de-lunesco\/"]}]},{"@type":"ImageObject","inLanguage":"fr-FR","@id":"https:\/\/www.nestor-jeeves.com\/blog\/fr\/nice-joyaux-de-la-cote-dazur-inscrit-au-patrimoine-de-lunesco\/#primaryimage","url":"https:\/\/www.nestor-jeeves.com\/blog\/wp-content\/uploads\/2021\/10\/banniere-photo-blog-NJ-3-scaled.jpg","contentUrl":"https:\/\/www.nestor-jeeves.com\/blog\/wp-content\/uploads\/2021\/10\/banniere-photo-blog-NJ-3-scaled.jpg","width":2560,"height":1280},{"@type":"BreadcrumbList","@id":"https:\/\/www.nestor-jeeves.com\/blog\/fr\/nice-joyaux-de-la-cote-dazur-inscrit-au-patrimoine-de-lunesco\/#breadcrumb","itemListElement":[{"@type":"ListItem","position":1,"name":"Home","item":"https:\/\/www.nestor-jeeves.com\/blog\/"},{"@type":"ListItem","position":2,"name":"Nice inscrite au Patrimoine de l\u2019Unesco"}]},{"@type":"WebSite","@id":"https:\/\/www.nestor-jeeves.com\/blog\/#website","url":"https:\/\/www.nestor-jeeves.com\/blog\/","name":"https:\/\/www.nestor-jeeves.com\/","description":"Nestor-Jeeves","potentialAction":[{"@type":"SearchAction","target":{"@type":"EntryPoint","urlTemplate":"https:\/\/www.nestor-jeeves.com\/blog\/?s={search_term_string}"},"query-input":{"@type":"PropertyValueSpecification","valueRequired":true,"valueName":"search_term_string"}}],"inLanguage":"fr-FR"},{"@type":"Person","@id":"https:\/\/www.nestor-jeeves.com\/blog\/#\/schema\/person\/d48d0d535591c93a067c16210979f0a3","name":"nestor-jeeves","image":{"@type":"ImageObject","inLanguage":"fr-FR","@id":"https:\/\/secure.gravatar.com\/avatar\/1e550f4e12f53affe5e64fc30d27b9443fb95ed55ae8ef11584faccdea731928?s=96&d=mm&r=g","url":"https:\/\/secure.gravatar.com\/avatar\/1e550f4e12f53affe5e64fc30d27b9443fb95ed55ae8ef11584faccdea731928?s=96&d=mm&r=g","contentUrl":"https:\/\/secure.gravatar.com\/avatar\/1e550f4e12f53affe5e64fc30d27b9443fb95ed55ae8ef11584faccdea731928?s=96&d=mm&r=g","caption":"nestor-jeeves"},"url":"https:\/\/www.nestor-jeeves.com\/blog\/fr\/author\/nestor-jeeves\/"}]}},"_links":{"self":[{"href":"https:\/\/www.nestor-jeeves.com\/blog\/fr\/wp-json\/wp\/v2\/posts\/24","targetHints":{"allow":["GET"]}}],"collection":[{"href":"https:\/\/www.nestor-jeeves.com\/blog\/fr\/wp-json\/wp\/v2\/posts"}],"about":[{"href":"https:\/\/www.nestor-jeeves.com\/blog\/fr\/wp-json\/wp\/v2\/types\/post"}],"author":[{"embeddable":true,"href":"https:\/\/www.nestor-jeeves.com\/blog\/fr\/wp-json\/wp\/v2\/users\/2"}],"replies":[{"embeddable":true,"href":"https:\/\/www.nestor-jeeves.com\/blog\/fr\/wp-json\/wp\/v2\/comments?post=24"}],"version-history":[{"count":24,"href":"https:\/\/www.nestor-jeeves.com\/blog\/fr\/wp-json\/wp\/v2\/posts\/24\/revisions"}],"predecessor-version":[{"id":261,"href":"https:\/\/www.nestor-jeeves.com\/blog\/fr\/wp-json\/wp\/v2\/posts\/24\/revisions\/261"}],"wp:featuredmedia":[{"embeddable":true,"href":"https:\/\/www.nestor-jeeves.com\/blog\/fr\/wp-json\/wp\/v2\/media\/76"}],"wp:attachment":[{"href":"https:\/\/www.nestor-jeeves.com\/blog\/fr\/wp-json\/wp\/v2\/media?parent=24"}],"wp:term":[{"taxonomy":"category","embeddable":true,"href":"https:\/\/www.nestor-jeeves.com\/blog\/fr\/wp-json\/wp\/v2\/categories?post=24"},{"taxonomy":"post_tag","embeddable":true,"href":"https:\/\/www.nestor-jeeves.com\/blog\/fr\/wp-json\/wp\/v2\/tags?post=24"}],"curies":[{"name":"wp","href":"https:\/\/api.w.org\/{rel}","templated":true}]}}