{"id":170,"date":"2022-01-26T14:48:12","date_gmt":"2022-01-26T14:48:12","guid":{"rendered":"https:\/\/www.nestor-jeeves.com\/blog\/?p=170"},"modified":"2022-02-01T11:43:48","modified_gmt":"2022-02-01T11:43:48","slug":"carnaval-de-nice","status":"publish","type":"post","link":"https:\/\/www.nestor-jeeves.com\/blog\/fr\/carnaval-de-nice\/","title":{"rendered":"<strong>Carnaval de Nice <\/strong>"},"content":{"rendered":"\n<p>Cette ann\u00e9e <strong>les animaux<\/strong> sont mis \u00e0 l\u2019honneur pour c\u00e9l\u00e9brer le Carnaval de Nice de 2022. <\/p>\n\n\n\n<p><strong>Pendant 15 jours<\/strong> vous aurez le droit \u00e0 une ambiance festive et populaire avec des chars cr\u00e9\u00e9s sur le th\u00e8me des animaux que vous pourrez d\u00e9couvrir pendant les Corsos ainsi que des illuminations, des spectacles burlesques, et des batailles de fleurs.<\/p>\n\n\n\n<figure class=\"wp-block-image size-large is-resized is-style-default\"><img loading=\"lazy\" decoding=\"async\" src=\"https:\/\/www.nestor-jeeves.com\/blog\/wp-content\/uploads\/2022\/01\/banniere-photo-blog-NJ-14-1500x630.jpg\" alt=\"\" class=\"wp-image-191\" width=\"771\" height=\"323\"\/><figcaption>Cr\u00e9dit photo Nice Matin<\/figcaption><\/figure>\n\n\n\n<h2 class=\"wp-block-heading\" id=\"le-carnaval-de-nice-est-un-des-plus-grands-du-monde\"><strong>Le Carnaval de Nice est un des plus grands du monde<\/strong><\/h2>\n\n\n\n<p>Connu dans le monde entier, le Carnaval de Nice invite chaque ann\u00e9e des<strong> milliers de spectateurs<\/strong> \u00e0 assister \u00e0 ce rendez-vous rempli d&rsquo;\u00e9motions.<\/p>\n\n\n\n<p>Pour cette nouvelle \u00e9dition, plusieurs nouveaut\u00e9s vous attendent\u2026 Un <strong>village du Carnaval<\/strong> s\u2019installe autour du<strong> kiosque \u00e0 musique du Jardin Albert 1er<\/strong>. Vous y retrouverez des animations, des stands gourmands, des conf\u00e9rences et des spectacles. Juste \u00e0 c\u00f4t\u00e9, le Th\u00e9\u00e2tre de verdure accueillera \u00e9galement des animations pour petits et grands. Le tout, entour\u00e9 d&rsquo;animaux du monde qui est le th\u00e8me de cette ann\u00e9e.<\/p>\n\n\n\n<figure class=\"wp-block-image size-large is-resized\"><img loading=\"lazy\" decoding=\"async\" src=\"https:\/\/www.nestor-jeeves.com\/blog\/wp-content\/uploads\/2022\/01\/banniere-photo-blog-NJ-12-1500x630.jpg\" alt=\"Place Massena\" class=\"wp-image-175\" width=\"771\" height=\"323\"\/><\/figure>\n\n\n\n<h3 class=\"wp-block-heading\" id=\"rendez-vous-le-11-fevrier-pour-la-ceremonie-d-ouverture\"><strong>Rendez-vous le 11 f\u00e9vrier pour la c\u00e9r\u00e9monie d\u2019ouverture<\/strong><\/h3>\n\n\n\n<p>La <strong>c\u00e9r\u00e9monie d&rsquo;ouverture<\/strong> a lieu le<strong> 11 f\u00e9vrier \u00e0 18h30<\/strong> sur la Place Massena. Tous les acteurs du carnaval seront r\u00e9unis pour se pr\u00e9senter au public et donner le coup d\u2019envoi officiel du Carnaval de Nice. Le tout en son et en lumi\u00e8re afin de vous faire vivre une exp\u00e9rience exceptionnelle. Profitez de cette c\u00e9r\u00e9monie gratuite pour tous et n&rsquo;h\u00e9sitez pas \u00e0 venir d\u00e9guiser ! <\/p>\n\n\n\n<p>Pour les deux semaines de Carnaval, vous pourrez profiter des corsos en tribune ou en zone pi\u00e9tonne.<br>Sachez que la bataille des fleurs vous permettra de repartir avec un tr\u00e8s beau bouquet color\u00e9.<\/p>\n\n\n\n<p>D\u00e9couvrez la <a href=\"https:\/\/www.nicecarnaval.com\/programme-officiel\" target=\"_blank\" rel=\"noreferrer noopener\">programmation<\/a> compl\u00e8te de l&rsquo;\u00e9v\u00e9nement ni\u00e7ois de l\u2019ann\u00e9e. Les tarifs varient entre 10\u20ac et 28\u20ac et sachez que c&rsquo;est gratuit si vous venez d\u00e9guis\u00e9.<\/p>\n\n\n\n<p><em>Cette ann\u00e9e 2022 le Carnaval aura bien lieu, il faudra juste vous munir du <strong>pass sanitaire<\/strong> et respecter le port du masque.<\/em><\/p>\n\n\n\n<h3 class=\"wp-block-heading\" id=\"vivez-l-experience-du-carnaval-en-louant-l-appartement-massena-dream\"><strong>Vivez l&rsquo;exp\u00e9rience du Carnaval en louant l\u2019appartement Massena Dream<\/strong><\/h3>\n\n\n\n<p>Vous souhaitez vivre cette <strong>exp\u00e9rience \u00e0 100%<\/strong> ? Alors nous vous avons trouv\u00e9 l\u2019appartement qu\u2019il vous faut ! <strong><a href=\"https:\/\/www.nestor-jeeves.com\/location\/appartement-nice-n-j-massena-dream-hyper-centre-proche-mer-315217.html\">Massena dream<\/a> <\/strong>est l\u2019appartement id\u00e9al pour votre s\u00e9jour \u00e0 Nice pendant le Carnaval. Il se situe \u00e0 deux pas de la <strong>Place Massena<\/strong>. Vous serez donc <strong>au c\u0153ur des festivit\u00e9s<\/strong>. Le r\u00eave non ? De plus sa <strong>d\u00e9coration moderne<\/strong>, sa luminosit\u00e9, <strong>ses grands lits queen size<\/strong> et son balcon rendront votre s\u00e9jour idyllique. D\u00e9p\u00eachez vous et ne passez pas \u00e0 c\u00f4t\u00e9 de l&rsquo;occasion de vivre cet \u00e9v\u00e9nement festif.<\/p>\n\n\n\n<figure class=\"wp-block-image size-large is-resized is-style-default\"><img loading=\"lazy\" decoding=\"async\" src=\"https:\/\/www.nestor-jeeves.com\/blog\/wp-content\/uploads\/2022\/01\/banniere-photo-blog-NJ-13-1500x630.jpg\" alt=\"Vue de l'appartement\" class=\"wp-image-177\" width=\"771\" height=\"323\"\/><\/figure>\n\n\n\n<p>Si vous pr\u00e9f\u00e9rez louer un appartement proche de l&rsquo;\u00e9v\u00e9nement mais plus au calme, nous vous conseillons de vous rendre directement sur<a href=\"https:\/\/www.nestor-jeeves.com\/\"> notre site<\/a>. <\/p>\n","protected":false},"excerpt":{"rendered":"<p>Cette ann\u00e9e les animaux sont mis \u00e0 l\u2019honneur pour c\u00e9l\u00e9brer le Carnaval de Nice de 2022. Pendant 15 jours vous aurez le droit \u00e0 une ambiance festive !<\/p>\n","protected":false},"author":2,"featured_media":173,"comment_status":"open","ping_status":"open","sticky":false,"template":"","format":"standard","meta":{"footnotes":""},"categories":[7],"tags":[13,35,36,12,14,10,24],"class_list":["post-170","post","type-post","status-publish","format-standard","has-post-thumbnail","hentry","category-nissa-la-bella-2","tag-appartement-a-louer","tag-carnaval","tag-carnaval-de-nice","tag-conciergerie","tag-location-appartement","tag-nice","tag-place-massena"],"yoast_head":"<!-- This site is optimized with the Yoast SEO plugin v27.5 - https:\/\/yoast.com\/product\/yoast-seo-wordpress\/ -->\n<title>Carnaval de Nice  - Blog<\/title>\n<meta name=\"robots\" content=\"index, follow, max-snippet:-1, max-image-preview:large, max-video-preview:-1\" \/>\n<link rel=\"canonical\" href=\"https:\/\/www.nestor-jeeves.com\/blog\/fr\/carnaval-de-nice\/\" \/>\n<meta property=\"og:locale\" content=\"fr_FR\" \/>\n<meta property=\"og:type\" content=\"article\" \/>\n<meta property=\"og:title\" content=\"Carnaval de Nice  - Blog\" \/>\n<meta property=\"og:description\" content=\"Cette ann\u00e9e les animaux sont mis \u00e0 l\u2019honneur pour c\u00e9l\u00e9brer le Carnaval de Nice de 2022. Pendant 15 jours vous aurez le droit \u00e0 une ambiance festive !\" \/>\n<meta property=\"og:url\" content=\"https:\/\/www.nestor-jeeves.com\/blog\/fr\/carnaval-de-nice\/\" \/>\n<meta property=\"og:site_name\" content=\"Blog\" \/>\n<meta property=\"article:publisher\" content=\"https:\/\/www.facebook.com\/NestorandJeeves\/\" \/>\n<meta property=\"article:published_time\" content=\"2022-01-26T14:48:12+00:00\" \/>\n<meta property=\"article:modified_time\" content=\"2022-02-01T11:43:48+00:00\" \/>\n<meta property=\"og:image\" content=\"https:\/\/www.nestor-jeeves.com\/blog\/wp-content\/uploads\/2022\/01\/WKOTPMQ3EJADJPAO2QFYMUW24Y-1.jpg\" \/>\n\t<meta property=\"og:image:width\" content=\"622\" \/>\n\t<meta property=\"og:image:height\" content=\"880\" \/>\n\t<meta property=\"og:image:type\" content=\"image\/jpeg\" \/>\n<meta name=\"author\" content=\"nestor-jeeves\" \/>\n<meta name=\"twitter:card\" content=\"summary_large_image\" \/>\n<meta name=\"twitter:label1\" content=\"\u00c9crit par\" \/>\n\t<meta name=\"twitter:data1\" content=\"nestor-jeeves\" \/>\n\t<meta name=\"twitter:label2\" content=\"Dur\u00e9e de lecture estim\u00e9e\" \/>\n\t<meta name=\"twitter:data2\" content=\"3 minutes\" \/>\n<script type=\"application\/ld+json\" class=\"yoast-schema-graph\">{\"@context\":\"https:\\\/\\\/schema.org\",\"@graph\":[{\"@type\":\"Article\",\"@id\":\"https:\\\/\\\/www.nestor-jeeves.com\\\/blog\\\/fr\\\/carnaval-de-nice\\\/#article\",\"isPartOf\":{\"@id\":\"https:\\\/\\\/www.nestor-jeeves.com\\\/blog\\\/fr\\\/carnaval-de-nice\\\/\"},\"author\":{\"name\":\"nestor-jeeves\",\"@id\":\"https:\\\/\\\/www.nestor-jeeves.com\\\/blog\\\/#\\\/schema\\\/person\\\/d48d0d535591c93a067c16210979f0a3\"},\"headline\":\"Carnaval de Nice\",\"datePublished\":\"2022-01-26T14:48:12+00:00\",\"dateModified\":\"2022-02-01T11:43:48+00:00\",\"mainEntityOfPage\":{\"@id\":\"https:\\\/\\\/www.nestor-jeeves.com\\\/blog\\\/fr\\\/carnaval-de-nice\\\/\"},\"wordCount\":479,\"commentCount\":0,\"image\":{\"@id\":\"https:\\\/\\\/www.nestor-jeeves.com\\\/blog\\\/fr\\\/carnaval-de-nice\\\/#primaryimage\"},\"thumbnailUrl\":\"https:\\\/\\\/www.nestor-jeeves.com\\\/blog\\\/wp-content\\\/uploads\\\/2022\\\/01\\\/WKOTPMQ3EJADJPAO2QFYMUW24Y-1.jpg\",\"keywords\":[\"appartement \u00e0 louer\",\"carnaval\",\"carnaval de nice\",\"conciergerie\",\"location appartement\",\"nice\",\"place massena\"],\"articleSection\":[\"NISSA LA BELLA\"],\"inLanguage\":\"fr-FR\",\"potentialAction\":[{\"@type\":\"CommentAction\",\"name\":\"Comment\",\"target\":[\"https:\\\/\\\/www.nestor-jeeves.com\\\/blog\\\/fr\\\/carnaval-de-nice\\\/#respond\"]}]},{\"@type\":\"WebPage\",\"@id\":\"https:\\\/\\\/www.nestor-jeeves.com\\\/blog\\\/fr\\\/carnaval-de-nice\\\/\",\"url\":\"https:\\\/\\\/www.nestor-jeeves.com\\\/blog\\\/fr\\\/carnaval-de-nice\\\/\",\"name\":\"Carnaval de Nice - Blog\",\"isPartOf\":{\"@id\":\"https:\\\/\\\/www.nestor-jeeves.com\\\/blog\\\/#website\"},\"primaryImageOfPage\":{\"@id\":\"https:\\\/\\\/www.nestor-jeeves.com\\\/blog\\\/fr\\\/carnaval-de-nice\\\/#primaryimage\"},\"image\":{\"@id\":\"https:\\\/\\\/www.nestor-jeeves.com\\\/blog\\\/fr\\\/carnaval-de-nice\\\/#primaryimage\"},\"thumbnailUrl\":\"https:\\\/\\\/www.nestor-jeeves.com\\\/blog\\\/wp-content\\\/uploads\\\/2022\\\/01\\\/WKOTPMQ3EJADJPAO2QFYMUW24Y-1.jpg\",\"datePublished\":\"2022-01-26T14:48:12+00:00\",\"dateModified\":\"2022-02-01T11:43:48+00:00\",\"author\":{\"@id\":\"https:\\\/\\\/www.nestor-jeeves.com\\\/blog\\\/#\\\/schema\\\/person\\\/d48d0d535591c93a067c16210979f0a3\"},\"breadcrumb\":{\"@id\":\"https:\\\/\\\/www.nestor-jeeves.com\\\/blog\\\/fr\\\/carnaval-de-nice\\\/#breadcrumb\"},\"inLanguage\":\"fr-FR\",\"potentialAction\":[{\"@type\":\"ReadAction\",\"target\":[\"https:\\\/\\\/www.nestor-jeeves.com\\\/blog\\\/fr\\\/carnaval-de-nice\\\/\"]}]},{\"@type\":\"ImageObject\",\"inLanguage\":\"fr-FR\",\"@id\":\"https:\\\/\\\/www.nestor-jeeves.com\\\/blog\\\/fr\\\/carnaval-de-nice\\\/#primaryimage\",\"url\":\"https:\\\/\\\/www.nestor-jeeves.com\\\/blog\\\/wp-content\\\/uploads\\\/2022\\\/01\\\/WKOTPMQ3EJADJPAO2QFYMUW24Y-1.jpg\",\"contentUrl\":\"https:\\\/\\\/www.nestor-jeeves.com\\\/blog\\\/wp-content\\\/uploads\\\/2022\\\/01\\\/WKOTPMQ3EJADJPAO2QFYMUW24Y-1.jpg\",\"width\":622,\"height\":880,\"caption\":\"Voici des visuels exclusifs des chars et affiches du prochain carnaval de Nice. L\u0092\u00e9v\u00e9nement revient apr\u00e8s deux ans d\u0092interruption et change pas mal de choses. Sujet dans Auj. On a eu l\u0092exclu des annonces donc \u00e0 choyer\"},{\"@type\":\"BreadcrumbList\",\"@id\":\"https:\\\/\\\/www.nestor-jeeves.com\\\/blog\\\/fr\\\/carnaval-de-nice\\\/#breadcrumb\",\"itemListElement\":[{\"@type\":\"ListItem\",\"position\":1,\"name\":\"Home\",\"item\":\"https:\\\/\\\/www.nestor-jeeves.com\\\/blog\\\/\"},{\"@type\":\"ListItem\",\"position\":2,\"name\":\"Carnaval de Nice\"}]},{\"@type\":\"WebSite\",\"@id\":\"https:\\\/\\\/www.nestor-jeeves.com\\\/blog\\\/#website\",\"url\":\"https:\\\/\\\/www.nestor-jeeves.com\\\/blog\\\/\",\"name\":\"https:\\\/\\\/www.nestor-jeeves.com\\\/\",\"description\":\"Nestor-Jeeves\",\"potentialAction\":[{\"@type\":\"SearchAction\",\"target\":{\"@type\":\"EntryPoint\",\"urlTemplate\":\"https:\\\/\\\/www.nestor-jeeves.com\\\/blog\\\/?s={search_term_string}\"},\"query-input\":{\"@type\":\"PropertyValueSpecification\",\"valueRequired\":true,\"valueName\":\"search_term_string\"}}],\"inLanguage\":\"fr-FR\"},{\"@type\":\"Person\",\"@id\":\"https:\\\/\\\/www.nestor-jeeves.com\\\/blog\\\/#\\\/schema\\\/person\\\/d48d0d535591c93a067c16210979f0a3\",\"name\":\"nestor-jeeves\",\"image\":{\"@type\":\"ImageObject\",\"inLanguage\":\"fr-FR\",\"@id\":\"https:\\\/\\\/secure.gravatar.com\\\/avatar\\\/1e550f4e12f53affe5e64fc30d27b9443fb95ed55ae8ef11584faccdea731928?s=96&d=mm&r=g\",\"url\":\"https:\\\/\\\/secure.gravatar.com\\\/avatar\\\/1e550f4e12f53affe5e64fc30d27b9443fb95ed55ae8ef11584faccdea731928?s=96&d=mm&r=g\",\"contentUrl\":\"https:\\\/\\\/secure.gravatar.com\\\/avatar\\\/1e550f4e12f53affe5e64fc30d27b9443fb95ed55ae8ef11584faccdea731928?s=96&d=mm&r=g\",\"caption\":\"nestor-jeeves\"},\"url\":\"https:\\\/\\\/www.nestor-jeeves.com\\\/blog\\\/fr\\\/author\\\/nestor-jeeves\\\/\"}]}<\/script>\n<!-- \/ Yoast SEO plugin. -->","yoast_head_json":{"title":"Carnaval de Nice  - Blog","robots":{"index":"index","follow":"follow","max-snippet":"max-snippet:-1","max-image-preview":"max-image-preview:large","max-video-preview":"max-video-preview:-1"},"canonical":"https:\/\/www.nestor-jeeves.com\/blog\/fr\/carnaval-de-nice\/","og_locale":"fr_FR","og_type":"article","og_title":"Carnaval de Nice  - Blog","og_description":"Cette ann\u00e9e les animaux sont mis \u00e0 l\u2019honneur pour c\u00e9l\u00e9brer le Carnaval de Nice de 2022. Pendant 15 jours vous aurez le droit \u00e0 une ambiance festive !","og_url":"https:\/\/www.nestor-jeeves.com\/blog\/fr\/carnaval-de-nice\/","og_site_name":"Blog","article_publisher":"https:\/\/www.facebook.com\/NestorandJeeves\/","article_published_time":"2022-01-26T14:48:12+00:00","article_modified_time":"2022-02-01T11:43:48+00:00","og_image":[{"width":622,"height":880,"url":"https:\/\/www.nestor-jeeves.com\/blog\/wp-content\/uploads\/2022\/01\/WKOTPMQ3EJADJPAO2QFYMUW24Y-1.jpg","type":"image\/jpeg"}],"author":"nestor-jeeves","twitter_card":"summary_large_image","twitter_misc":{"\u00c9crit par":"nestor-jeeves","Dur\u00e9e de lecture estim\u00e9e":"3 minutes"},"schema":{"@context":"https:\/\/schema.org","@graph":[{"@type":"Article","@id":"https:\/\/www.nestor-jeeves.com\/blog\/fr\/carnaval-de-nice\/#article","isPartOf":{"@id":"https:\/\/www.nestor-jeeves.com\/blog\/fr\/carnaval-de-nice\/"},"author":{"name":"nestor-jeeves","@id":"https:\/\/www.nestor-jeeves.com\/blog\/#\/schema\/person\/d48d0d535591c93a067c16210979f0a3"},"headline":"Carnaval de Nice","datePublished":"2022-01-26T14:48:12+00:00","dateModified":"2022-02-01T11:43:48+00:00","mainEntityOfPage":{"@id":"https:\/\/www.nestor-jeeves.com\/blog\/fr\/carnaval-de-nice\/"},"wordCount":479,"commentCount":0,"image":{"@id":"https:\/\/www.nestor-jeeves.com\/blog\/fr\/carnaval-de-nice\/#primaryimage"},"thumbnailUrl":"https:\/\/www.nestor-jeeves.com\/blog\/wp-content\/uploads\/2022\/01\/WKOTPMQ3EJADJPAO2QFYMUW24Y-1.jpg","keywords":["appartement \u00e0 louer","carnaval","carnaval de nice","conciergerie","location appartement","nice","place massena"],"articleSection":["NISSA LA BELLA"],"inLanguage":"fr-FR","potentialAction":[{"@type":"CommentAction","name":"Comment","target":["https:\/\/www.nestor-jeeves.com\/blog\/fr\/carnaval-de-nice\/#respond"]}]},{"@type":"WebPage","@id":"https:\/\/www.nestor-jeeves.com\/blog\/fr\/carnaval-de-nice\/","url":"https:\/\/www.nestor-jeeves.com\/blog\/fr\/carnaval-de-nice\/","name":"Carnaval de Nice - Blog","isPartOf":{"@id":"https:\/\/www.nestor-jeeves.com\/blog\/#website"},"primaryImageOfPage":{"@id":"https:\/\/www.nestor-jeeves.com\/blog\/fr\/carnaval-de-nice\/#primaryimage"},"image":{"@id":"https:\/\/www.nestor-jeeves.com\/blog\/fr\/carnaval-de-nice\/#primaryimage"},"thumbnailUrl":"https:\/\/www.nestor-jeeves.com\/blog\/wp-content\/uploads\/2022\/01\/WKOTPMQ3EJADJPAO2QFYMUW24Y-1.jpg","datePublished":"2022-01-26T14:48:12+00:00","dateModified":"2022-02-01T11:43:48+00:00","author":{"@id":"https:\/\/www.nestor-jeeves.com\/blog\/#\/schema\/person\/d48d0d535591c93a067c16210979f0a3"},"breadcrumb":{"@id":"https:\/\/www.nestor-jeeves.com\/blog\/fr\/carnaval-de-nice\/#breadcrumb"},"inLanguage":"fr-FR","potentialAction":[{"@type":"ReadAction","target":["https:\/\/www.nestor-jeeves.com\/blog\/fr\/carnaval-de-nice\/"]}]},{"@type":"ImageObject","inLanguage":"fr-FR","@id":"https:\/\/www.nestor-jeeves.com\/blog\/fr\/carnaval-de-nice\/#primaryimage","url":"https:\/\/www.nestor-jeeves.com\/blog\/wp-content\/uploads\/2022\/01\/WKOTPMQ3EJADJPAO2QFYMUW24Y-1.jpg","contentUrl":"https:\/\/www.nestor-jeeves.com\/blog\/wp-content\/uploads\/2022\/01\/WKOTPMQ3EJADJPAO2QFYMUW24Y-1.jpg","width":622,"height":880,"caption":"Voici des visuels exclusifs des chars et affiches du prochain carnaval de Nice. L\u0092\u00e9v\u00e9nement revient apr\u00e8s deux ans d\u0092interruption et change pas mal de choses. Sujet dans Auj. On a eu l\u0092exclu des annonces donc \u00e0 choyer"},{"@type":"BreadcrumbList","@id":"https:\/\/www.nestor-jeeves.com\/blog\/fr\/carnaval-de-nice\/#breadcrumb","itemListElement":[{"@type":"ListItem","position":1,"name":"Home","item":"https:\/\/www.nestor-jeeves.com\/blog\/"},{"@type":"ListItem","position":2,"name":"Carnaval de Nice"}]},{"@type":"WebSite","@id":"https:\/\/www.nestor-jeeves.com\/blog\/#website","url":"https:\/\/www.nestor-jeeves.com\/blog\/","name":"https:\/\/www.nestor-jeeves.com\/","description":"Nestor-Jeeves","potentialAction":[{"@type":"SearchAction","target":{"@type":"EntryPoint","urlTemplate":"https:\/\/www.nestor-jeeves.com\/blog\/?s={search_term_string}"},"query-input":{"@type":"PropertyValueSpecification","valueRequired":true,"valueName":"search_term_string"}}],"inLanguage":"fr-FR"},{"@type":"Person","@id":"https:\/\/www.nestor-jeeves.com\/blog\/#\/schema\/person\/d48d0d535591c93a067c16210979f0a3","name":"nestor-jeeves","image":{"@type":"ImageObject","inLanguage":"fr-FR","@id":"https:\/\/secure.gravatar.com\/avatar\/1e550f4e12f53affe5e64fc30d27b9443fb95ed55ae8ef11584faccdea731928?s=96&d=mm&r=g","url":"https:\/\/secure.gravatar.com\/avatar\/1e550f4e12f53affe5e64fc30d27b9443fb95ed55ae8ef11584faccdea731928?s=96&d=mm&r=g","contentUrl":"https:\/\/secure.gravatar.com\/avatar\/1e550f4e12f53affe5e64fc30d27b9443fb95ed55ae8ef11584faccdea731928?s=96&d=mm&r=g","caption":"nestor-jeeves"},"url":"https:\/\/www.nestor-jeeves.com\/blog\/fr\/author\/nestor-jeeves\/"}]}},"_links":{"self":[{"href":"https:\/\/www.nestor-jeeves.com\/blog\/fr\/wp-json\/wp\/v2\/posts\/170","targetHints":{"allow":["GET"]}}],"collection":[{"href":"https:\/\/www.nestor-jeeves.com\/blog\/fr\/wp-json\/wp\/v2\/posts"}],"about":[{"href":"https:\/\/www.nestor-jeeves.com\/blog\/fr\/wp-json\/wp\/v2\/types\/post"}],"author":[{"embeddable":true,"href":"https:\/\/www.nestor-jeeves.com\/blog\/fr\/wp-json\/wp\/v2\/users\/2"}],"replies":[{"embeddable":true,"href":"https:\/\/www.nestor-jeeves.com\/blog\/fr\/wp-json\/wp\/v2\/comments?post=170"}],"version-history":[{"count":11,"href":"https:\/\/www.nestor-jeeves.com\/blog\/fr\/wp-json\/wp\/v2\/posts\/170\/revisions"}],"predecessor-version":[{"id":199,"href":"https:\/\/www.nestor-jeeves.com\/blog\/fr\/wp-json\/wp\/v2\/posts\/170\/revisions\/199"}],"wp:featuredmedia":[{"embeddable":true,"href":"https:\/\/www.nestor-jeeves.com\/blog\/fr\/wp-json\/wp\/v2\/media\/173"}],"wp:attachment":[{"href":"https:\/\/www.nestor-jeeves.com\/blog\/fr\/wp-json\/wp\/v2\/media?parent=170"}],"wp:term":[{"taxonomy":"category","embeddable":true,"href":"https:\/\/www.nestor-jeeves.com\/blog\/fr\/wp-json\/wp\/v2\/categories?post=170"},{"taxonomy":"post_tag","embeddable":true,"href":"https:\/\/www.nestor-jeeves.com\/blog\/fr\/wp-json\/wp\/v2\/tags?post=170"}],"curies":[{"name":"wp","href":"https:\/\/api.w.org\/{rel}","templated":true}]}}